{"id":12398,"date":"2024-05-10T15:03:17","date_gmt":"2024-05-10T19:03:17","guid":{"rendered":"https:\/\/www.semanariotiempo.cl\/?p=12398"},"modified":"2024-05-10T15:03:17","modified_gmt":"2024-05-10T19:03:17","slug":"empleos-informales-y-precariedad-laboral","status":"publish","type":"post","link":"https:\/\/www.semanariotiempo.cl\/?p=12398","title":{"rendered":"Empleos informales y precariedad laboral"},"content":{"rendered":"<p>Las \u00faltimas cifras del Instituto Nacional de Estad\u00edsticas son claras. Si bien el empleo empleo total habr\u00eda mejorado, en los \u00faltimos meses se ha generado un preocupante aumento del trabajo informal, lo cual atenta contra lo que la Organizaci\u00f3n Internacional del Trabajo denomina \u201cempleo de buena calidad o trabajo decente\u201d. Por tal, debemos entender aquel trabajo que reviste de regularidad y previsi\u00f3n social y tambi\u00e9n de condiciones de seguridad y dignidad.<br \/>\nEn el fondo, la formalidad es un indicador que permite evidenciar el progreso de las sociedades. En ese sentido preocupa que las cifras actuales de ocupaci\u00f3n informal sean similares a las que se registraron en noviembre del a\u00f1o 2020, en plena pandemia del COVID.<br \/>\nEn concreto, la tasa de ocupaci\u00f3n informal del trimestre enero &#8211; marzo de 2024 para la regi\u00f3n de Coquimbo fue 34,2%, anotando un incremento de 3,9 puntos porcentuales (pp.) en doce meses. Adem\u00e1s, en t\u00e9rminos de edad, la expansi\u00f3n de las personas ocupadas informales se explic\u00f3 por el crecimiento del tramo de 35-54 a\u00f1os (19,5%). Es decir personas que est\u00e1n en el mejor per\u00edodo productivo de la vida.<\/p>\n<p>Las cifras nos est\u00e1n dando cuenta de que el pa\u00eds est\u00e1 avanzando en una direcci\u00f3n contraria a la que indica el correcto desarrollo con niveles aceptables de Bienestar Social.<br \/>\nLos empleos precarios normalmente se vinculan a labores estacionales, con mano de obras no calificada, concentradas en sectores econ\u00f3micos como el comercio y los servicios personales como el dom\u00e9stico.<br \/>\nLa ausencia de contratos de trabajo y de aumento de aquellos que avanzan informalmente por cuenta propia (independientes) implica que se reducen las garant\u00edas de higiene y seguridad social, dos \u00e1reas en las que Chile hab\u00eda avanzado bastante respecto de sus pares en Sudam\u00e9rica.<br \/>\nY, de fondo, est\u00e1 la pregunta de por qu\u00e9 raz\u00f3n las empresas no est\u00e1n generando m\u00e1s empleos, por qu\u00e9 no est\u00e1n contratando a m\u00e1s personas con labores seguras y con derechos que puedan ser exigibles legalmente. Y la raz\u00f3n es que todav\u00eda no est\u00e1n dadas las condiciones para que ese despegue se produzca.<br \/>\nDefinitivamente y a pesar de los anuncios optimistas de Hacienda, a pesar de que algunos indicadores maroecon\u00f3micos puedan generar algo de optimismo, en lo concreto falta todav\u00eda para que ese efecto redunde en un avance real y concreto en la microeconom\u00eda, en el d\u00eda a d\u00eda del empresario y el emprendedor.<br \/>\nHabr\u00e1 que buscar nuevas f\u00f3rmulas, incentivos, certezas, recursos, que apoyen a aquellos empresarios que buscan ponerse de pie y volver a avanzar. Esa es la se\u00f1al que arrojan los propios datos que entregan las estad\u00edsticas p\u00fablicas.<\/p>\n<p><span style=\"color: #800000;\"><strong>V\u00edctor H. Villagr\u00e1n<\/strong><\/span><br \/>\n<strong>Editor Semanario Tiempo<\/strong><\/p>\n","protected":false},"excerpt":{"rendered":"<p>Las \u00faltimas cifras del Instituto Nacional de Estad\u00edsticas son claras. Si bien el empleo empleo total habr\u00eda mejorado, en los \u00faltimos meses se ha generado un preocupante aumento del trabajo informal, lo cual atenta contra lo que la Organizaci\u00f3n Internacional del Trabajo denomina \u201cempleo de buena calidad o trabajo decente\u201d. Por tal, debemos entender aquel [&hellip;]<\/p>\n","protected":false},"author":1,"featured_media":11224,"comment_status":"open","ping_status":"open","sticky":false,"template":"","format":"standard","meta":{"tdm_status":"","tdm_grid_status":"","footnotes":"","_wpscppro_dont_share_socialmedia":false,"_wpscppro_custom_social_share_image":0,"_facebook_share_type":"","_twitter_share_type":"","_linkedin_share_type":"","_pinterest_share_type":"","_linkedin_share_type_page":"","_instagram_share_type":"","_medium_share_type":"","_threads_share_type":"","_google_business_share_type":"","_bluesky_share_type":"","_mastodon_share_type":"","_selected_social_profile":[],"_wpsp_enable_custom_social_template":false,"_wpsp_social_scheduling":{"enabled":false,"datetime":null,"platforms":[],"status":"template_only","dateOption":"today","timeOption":"now","customDays":"","customHours":"","customDate":"","customTime":"","schedulingType":"absolute"},"_wpsp_active_default_template":true},"categories":[],"tags":[25],"class_list":["post-12398","post","type-post","status-publish","format-standard","has-post-thumbnail","hentry","tag-wordpress-themes"],"_links":{"self":[{"href":"https:\/\/www.semanariotiempo.cl\/index.php?rest_route=\/wp\/v2\/posts\/12398","targetHints":{"allow":["GET"]}}],"collection":[{"href":"https:\/\/www.semanariotiempo.cl\/index.php?rest_route=\/wp\/v2\/posts"}],"about":[{"href":"https:\/\/www.semanariotiempo.cl\/index.php?rest_route=\/wp\/v2\/types\/post"}],"author":[{"embeddable":true,"href":"https:\/\/www.semanariotiempo.cl\/index.php?rest_route=\/wp\/v2\/users\/1"}],"replies":[{"embeddable":true,"href":"https:\/\/www.semanariotiempo.cl\/index.php?rest_route=%2Fwp%2Fv2%2Fcomments&post=12398"}],"version-history":[{"count":0,"href":"https:\/\/www.semanariotiempo.cl\/index.php?rest_route=\/wp\/v2\/posts\/12398\/revisions"}],"wp:featuredmedia":[{"embeddable":true,"href":"https:\/\/www.semanariotiempo.cl\/index.php?rest_route=\/wp\/v2\/media\/11224"}],"wp:attachment":[{"href":"https:\/\/www.semanariotiempo.cl\/index.php?rest_route=%2Fwp%2Fv2%2Fmedia&parent=12398"}],"wp:term":[{"taxonomy":"category","embeddable":true,"href":"https:\/\/www.semanariotiempo.cl\/index.php?rest_route=%2Fwp%2Fv2%2Fcategories&post=12398"},{"taxonomy":"post_tag","embeddable":true,"href":"https:\/\/www.semanariotiempo.cl\/index.php?rest_route=%2Fwp%2Fv2%2Ftags&post=12398"}],"curies":[{"name":"wp","href":"https:\/\/api.w.org\/{rel}","templated":true}]}}