{"id":12378,"date":"2024-05-08T15:41:35","date_gmt":"2024-05-08T19:41:35","guid":{"rendered":"https:\/\/www.semanariotiempo.cl\/?p=12378"},"modified":"2024-05-08T15:41:35","modified_gmt":"2024-05-08T19:41:35","slug":"gerardo-diaz-tenemos-la-gran-oportunidad-de-incorporar-las-aguas-residuales-tratadas-a-la-matriz-hidrica-apoyando-a-sectores-vulnerables","status":"publish","type":"post","link":"https:\/\/www.semanariotiempo.cl\/?p=12378","title":{"rendered":"Gerardo D\u00edaz: \u201cTenemos la gran oportunidad de incorporar las aguas residuales tratadas a la matriz h\u00eddrica, apoyando a sectores vulnerables\u201d"},"content":{"rendered":"<h4><span style=\"color: #800000;\"><strong>\u2022 En el marco del ciclo de charlas \u201cUso y reutilizaci\u00f3n de aguas servidas\u201d, organizado por ME Ingenieros y el Departamento de Obras Civiles de la Universidad de Santiago de Chile (Usach), el experto de Escenarios H\u00eddricos 2030 expuso sobre iniciativas de re\u00faso de aguas residuales tratadas rurales ejecutadas en Coquimbo y los avances en el \u00e1mbito urbano para la Regi\u00f3n de Valpara\u00edso.<\/strong><\/span><br \/>\n<span style=\"color: #800000;\"><strong>\u2022 Gerardo D\u00edaz sostuvo que este proceso de recuperaci\u00f3n y tratamiento permite sumar una \u201cnueva fuente de agua\u201d al ciclo h\u00eddrico, sobre todo en el caso de los emisarios submarinos, \u201ccon impactos ambientales positivos, al reducir la descarga de aguas crudas al mar\u201d.<\/strong><\/span><\/h4>\n<p><img loading=\"lazy\" decoding=\"async\" class=\"size-full wp-image-12380 aligncenter\" src=\"https:\/\/www.semanariotiempo.cl\/wp-content\/uploads\/2024\/05\/reusar-01.jpg\" alt=\"\" width=\"1500\" height=\"1125\" srcset=\"https:\/\/www.semanariotiempo.cl\/wp-content\/uploads\/2024\/05\/reusar-01.jpg 1500w, https:\/\/www.semanariotiempo.cl\/wp-content\/uploads\/2024\/05\/reusar-01-300x225.jpg 300w, https:\/\/www.semanariotiempo.cl\/wp-content\/uploads\/2024\/05\/reusar-01-1024x768.jpg 1024w, https:\/\/www.semanariotiempo.cl\/wp-content\/uploads\/2024\/05\/reusar-01-768x576.jpg 768w, https:\/\/www.semanariotiempo.cl\/wp-content\/uploads\/2024\/05\/reusar-01-696x522.jpg 696w, https:\/\/www.semanariotiempo.cl\/wp-content\/uploads\/2024\/05\/reusar-01-1068x801.jpg 1068w, https:\/\/www.semanariotiempo.cl\/wp-content\/uploads\/2024\/05\/reusar-01-560x420.jpg 560w, https:\/\/www.semanariotiempo.cl\/wp-content\/uploads\/2024\/05\/reusar-01-80x60.jpg 80w, https:\/\/www.semanariotiempo.cl\/wp-content\/uploads\/2024\/05\/reusar-01-265x198.jpg 265w\" sizes=\"auto, (max-width: 1500px) 100vw, 1500px\" \/><\/p>\n<p><img loading=\"lazy\" decoding=\"async\" class=\"size-full wp-image-12381 aligncenter\" src=\"https:\/\/www.semanariotiempo.cl\/wp-content\/uploads\/2024\/05\/reusar-02.jpg\" alt=\"\" width=\"1500\" height=\"1000\" srcset=\"https:\/\/www.semanariotiempo.cl\/wp-content\/uploads\/2024\/05\/reusar-02.jpg 1500w, https:\/\/www.semanariotiempo.cl\/wp-content\/uploads\/2024\/05\/reusar-02-300x200.jpg 300w, https:\/\/www.semanariotiempo.cl\/wp-content\/uploads\/2024\/05\/reusar-02-1024x683.jpg 1024w, https:\/\/www.semanariotiempo.cl\/wp-content\/uploads\/2024\/05\/reusar-02-768x512.jpg 768w, https:\/\/www.semanariotiempo.cl\/wp-content\/uploads\/2024\/05\/reusar-02-696x464.jpg 696w, https:\/\/www.semanariotiempo.cl\/wp-content\/uploads\/2024\/05\/reusar-02-1068x712.jpg 1068w, https:\/\/www.semanariotiempo.cl\/wp-content\/uploads\/2024\/05\/reusar-02-630x420.jpg 630w\" sizes=\"auto, (max-width: 1500px) 100vw, 1500px\" \/><\/p>\n<p>\u201cEn Chile, somos malos para reusar; en todo sentido, desde residuos s\u00f3lidos hasta l\u00edquidos. Hoy en d\u00eda, y de acuerdo con los registros de la SISS (Superintendencia de Servicios Sanitarios), se reutiliza aproximadamente el 6% del agua\u201d, sostuvo Gerardo D\u00edaz, jefe de proyectos Nuevas Fuentes de Agua en Escenarios H\u00eddricos 2030 de Fundaci\u00f3n Chile, ante un atento auditorio, en el edificio ESID, de la Escuela de Ingenier\u00eda de la Usach.<br \/>\nLa exposici\u00f3n fue parte del ciclo de charlas sobre \u201cUso y reutilizaci\u00f3n de aguas servidas\u201d, organizado por ME Ingenieros y el Departamento de Obras Civiles de la Universidad de Santiago de Chile (Usach), en el marco del trabajo colaborativo que desarrollan en gesti\u00f3n circular del agua y plantas de tratamientos de aguas servidas (PTAS).<\/p>\n<p>Seg\u00fan destac\u00f3 Gerardo D\u00edaz, \u201ctenemos la gran oportunidad de incorporar las aguas residuales tratadas a la matriz h\u00eddrica\u201d, siendo \u201cuna fuente segura, continua y pr\u00e1cticamente inagotable, mientras exista abastecimiento para consumo humano, apoyando a sectores vulnerables con baja capacidad de pago a incorporar esta nueva fuente de agua, frente a otras m\u00e1s costosas, como la desalaci\u00f3n\u201d.<br \/>\nExplic\u00f3 que el mayor potencial de aprovechamiento est\u00e1 en las descargas de los 33 emisarios submarinos que hay en Chile: \u201cLa OCDE no los considera como sistema de tratamiento, porque en realidad hacen un tratamiento primario y las aguas van pr\u00e1cticamente crudas al mar\u201d, asegur\u00f3, sosteniendo que \u201cse trata de 8 m3 por segundo, que equivalen a 250 piscinas ol\u00edmpicas que se van al mar por d\u00eda, en circunstancias de sequ\u00eda en gran parte del territorio\u201d.<br \/>\nAdem\u00e1s, sostuvo que, al ser agua que llega al mar pr\u00e1cticamente sin tratamiento, \u201cse podr\u00edan generar impactos ambientales positivos, al reducir la descarga de aguas crudas al mar\u201d.<br \/>\nLa experiencia del emisario submarino de Antofagasta reporta otro beneficio: \u201cHay una reducci\u00f3n de tarifa al usuario producto de este re\u00faso, principalmente por el descuento en tratamiento y disposici\u00f3n\u201d, expuso Gerardo D\u00edaz, comentando que \u201ca\u00fan existen brechas en materia legal y normativa, que deben resolverse para habilitar la inversi\u00f3n en proyectos de este tipo\u201d. En este sentido, destac\u00f3 el proyecto de ley de re\u00faso de aguas residuales tratadas que se encuentra en discusi\u00f3n en el Senado, donde -como Escenarios H\u00eddricos 2030- han participado exponiendo y entregando antecedentes para aportar a este trabajo.<\/p>\n<p><strong>Re\u00faso de agua en el sector rural<br \/>\n<\/strong><br \/>\nJunto con los emisarios submarinos, Gerardo D\u00edaz relev\u00f3 el potencial de aprovechar la descarga de PTAS rurales, que \u201caun cuando representan un caudal mucho m\u00e1s peque\u00f1o, pueden generar importantes impactos econ\u00f3micos, sociales y ambientales al reutilizarlos localmente\u201d.<br \/>\nUn caso de \u00e9xito en este \u00e1mbito fueron los proyectos impulsados en 2022 por el Gobierno Regional de Coquimbo, y ejecutados por Escenarios H\u00eddricos 2030 de Fundaci\u00f3n Chile, en sectores rurales de Illapel, Monte Patria, La Serena y Vicu\u00f1a, zonas fuertemente afectadas por la sequ\u00eda, los que se suman al ejecutado en 2017 en Cerrillos de Tamaya y que se sostiene hasta el d\u00eda de hoy. \u201cEn primera instancia, avanzamos con proyectos productivos, viendo c\u00f3mo aprovechar esta agua e incorporarla dentro de un desarrollo local, implementando modelos de negocio locales virtuosos que ayudaran a su sostenibilidad en el tiempo, apoyando acuerdos locales de repartici\u00f3n de ganancias para este prop\u00f3sito\u201d.<br \/>\nSobre los cultivos que se decidi\u00f3 regar con aguas recicladas, destaca que: \u201cHicimos un barrido, a nivel internacional, de los tipos de cultivo que se pueden regar con este recurso h\u00eddrico, priorizando aquellos que no tienen contacto con el agua, que no son comestibles de forma directa o que son de cocci\u00f3n prolongada\u201d, explica el jefe de proyectos de Nuevas Fuentes de Agua.<br \/>\nReforz\u00f3 que \u201csin la participaci\u00f3n de la comunidad, estos proyectos no se pueden sostener\u201d, a pesar de los m\u00faltiples beneficios econ\u00f3micos, sociales y ambientales que puedan tener. Lo anterior se debe a que \u201cson las mismas comunidades locales las que deben decidir si avanzar o no con este tipo de iniciativas, adem\u00e1s de apoyar la co-construci\u00f3n del tipo de proyecto a ejecutar, adapt\u00e1ndolo a la realidad local\u201d.<\/p>\n<p>La primera jornada del ciclo de charlas cont\u00f3 tambi\u00e9n con las exposiciones de Mar\u00eda In\u00e9s D\u00edaz, analista del Departamento de Medio Ambiente, Biodiversidad y Acci\u00f3n Clim\u00e1tica del Gobierno de Santiago; Cristina Huidobro, gerente general Fondo de Agua Santiago Maipo; Claudia Papic, directora de contenido Expo Agua 2024; Felipe Meza, director de la Divisi\u00f3n T\u00e9cnica de Aguas Servidas de AIDIS Chile y gerente general de Aguas Santiago Poniente; Andr\u00e9s V\u00e1squez, socio fundador de Awa Solar, y los anfitriones del evento, Patricio Flores, gerente de Operaciones de ME Ingenieros, y Christian Seal, acad\u00e9mico del departamento de Ingenier\u00eda en Obras Civiles.<br \/>\nPatricio Flores se\u00f1al\u00f3 que, en la industria, \u201cexisten variados procesos que podr\u00edan implementar la reutilizaci\u00f3n de aguas residuales en lugar de usar agua limpia, y eso es lo que buscamos impulsar, como tambi\u00e9n aplicar mejoras continuas en los procesos de las PTAS para optimizar los costos de operaci\u00f3n y mejorar la calidad del agua tratada\u201d.<br \/>\nEn tanto, Christian Seal expuso sobre los contaminantes emergentes en aguas tratadas, sus efectos y posibles tratamientos: \u201cUsar aguas provenientes de plantas de tratamiento conlleva nuevos desaf\u00edos en cuanto a la calidad de los efluentes de dichos sistemas de tratamientos. Lo anterior se debe a presencia de hormonas, medicamentos y otros qu\u00edmicos que pueden afectar la salud humana y al medio ambiente, lo que implica estudiar sus efectos y determinar nuevos requisitos para los efluentes de las depuradoras, los que deben estar asociados a los posibles usos de estas aguas tratadas\u201d, concluy\u00f3.<\/p>\n<p>&nbsp;<\/p>\n<p>&nbsp;<\/p>\n","protected":false},"excerpt":{"rendered":"<p>\u2022 En el marco del ciclo de charlas \u201cUso y reutilizaci\u00f3n de aguas servidas\u201d, organizado por ME Ingenieros y el Departamento de Obras Civiles de la Universidad de Santiago de Chile (Usach), el experto de Escenarios H\u00eddricos 2030 expuso sobre iniciativas de re\u00faso de aguas residuales tratadas rurales ejecutadas en Coquimbo y los avances en [&hellip;]<\/p>\n","protected":false},"author":1,"featured_media":12381,"comment_status":"open","ping_status":"open","sticky":false,"template":"","format":"standard","meta":{"tdm_status":"","tdm_grid_status":"","footnotes":"","_wpscppro_dont_share_socialmedia":false,"_wpscppro_custom_social_share_image":0,"_facebook_share_type":"","_twitter_share_type":"","_linkedin_share_type":"","_pinterest_share_type":"","_linkedin_share_type_page":"","_instagram_share_type":"","_medium_share_type":"","_threads_share_type":"","_google_business_share_type":"","_bluesky_share_type":"","_mastodon_share_type":"","_selected_social_profile":[],"_wpsp_enable_custom_social_template":false,"_wpsp_social_scheduling":{"enabled":false,"datetime":null,"platforms":[],"status":"template_only","dateOption":"today","timeOption":"now","customDays":"","customHours":"","customDate":"","customTime":"","schedulingType":"absolute"},"_wpsp_active_default_template":true},"categories":[1],"tags":[8,28],"class_list":["post-12378","post","type-post","status-publish","format-standard","has-post-thumbnail","hentry","category-uncategorized","tag-marketing","tag-site-tips"],"_links":{"self":[{"href":"https:\/\/www.semanariotiempo.cl\/index.php?rest_route=\/wp\/v2\/posts\/12378","targetHints":{"allow":["GET"]}}],"collection":[{"href":"https:\/\/www.semanariotiempo.cl\/index.php?rest_route=\/wp\/v2\/posts"}],"about":[{"href":"https:\/\/www.semanariotiempo.cl\/index.php?rest_route=\/wp\/v2\/types\/post"}],"author":[{"embeddable":true,"href":"https:\/\/www.semanariotiempo.cl\/index.php?rest_route=\/wp\/v2\/users\/1"}],"replies":[{"embeddable":true,"href":"https:\/\/www.semanariotiempo.cl\/index.php?rest_route=%2Fwp%2Fv2%2Fcomments&post=12378"}],"version-history":[{"count":0,"href":"https:\/\/www.semanariotiempo.cl\/index.php?rest_route=\/wp\/v2\/posts\/12378\/revisions"}],"wp:featuredmedia":[{"embeddable":true,"href":"https:\/\/www.semanariotiempo.cl\/index.php?rest_route=\/wp\/v2\/media\/12381"}],"wp:attachment":[{"href":"https:\/\/www.semanariotiempo.cl\/index.php?rest_route=%2Fwp%2Fv2%2Fmedia&parent=12378"}],"wp:term":[{"taxonomy":"category","embeddable":true,"href":"https:\/\/www.semanariotiempo.cl\/index.php?rest_route=%2Fwp%2Fv2%2Fcategories&post=12378"},{"taxonomy":"post_tag","embeddable":true,"href":"https:\/\/www.semanariotiempo.cl\/index.php?rest_route=%2Fwp%2Fv2%2Ftags&post=12378"}],"curies":[{"name":"wp","href":"https:\/\/api.w.org\/{rel}","templated":true}]}}