{"id":12345,"date":"2024-05-07T14:55:38","date_gmt":"2024-05-07T18:55:38","guid":{"rendered":"https:\/\/www.semanariotiempo.cl\/?p=12345"},"modified":"2024-05-07T14:55:38","modified_gmt":"2024-05-07T18:55:38","slug":"avanza-park-coquimbo-construyen-nuevo-centro-de-bodegas-y-logistica-en-pan-de-azucar","status":"publish","type":"post","link":"https:\/\/www.semanariotiempo.cl\/?p=12345","title":{"rendered":"\u201cAvanza Park\u201d Coquimbo: construyen nuevo centro de bodegas y log\u00edstica en Pan de Az\u00facar"},"content":{"rendered":"<h4><span style=\"color: #800000;\"><strong>En el coraz\u00f3n del Norte Chico de Chile, el holding Grupo Campos est\u00e1 instalado un espacio para el crecimiento de la actividad industrial en la zona, cercano al Centro de Despacho Mercado Libre \u2013 Unimarc.<\/strong><\/span><\/h4>\n<p><img loading=\"lazy\" decoding=\"async\" class=\"size-full wp-image-12347 aligncenter\" src=\"https:\/\/www.semanariotiempo.cl\/wp-content\/uploads\/2024\/05\/AVANZAPARK.jpg\" alt=\"\" width=\"1600\" height=\"1067\" srcset=\"https:\/\/www.semanariotiempo.cl\/wp-content\/uploads\/2024\/05\/AVANZAPARK.jpg 1600w, https:\/\/www.semanariotiempo.cl\/wp-content\/uploads\/2024\/05\/AVANZAPARK-300x200.jpg 300w, https:\/\/www.semanariotiempo.cl\/wp-content\/uploads\/2024\/05\/AVANZAPARK-1024x683.jpg 1024w, https:\/\/www.semanariotiempo.cl\/wp-content\/uploads\/2024\/05\/AVANZAPARK-768x512.jpg 768w, https:\/\/www.semanariotiempo.cl\/wp-content\/uploads\/2024\/05\/AVANZAPARK-1536x1024.jpg 1536w, https:\/\/www.semanariotiempo.cl\/wp-content\/uploads\/2024\/05\/AVANZAPARK-696x464.jpg 696w, https:\/\/www.semanariotiempo.cl\/wp-content\/uploads\/2024\/05\/AVANZAPARK-1068x712.jpg 1068w, https:\/\/www.semanariotiempo.cl\/wp-content\/uploads\/2024\/05\/AVANZAPARK-630x420.jpg 630w\" sizes=\"auto, (max-width: 1600px) 100vw, 1600px\" \/><\/p>\n<p>Grupo Campos est\u00e1 en pleno desarrollo inmobiliario de condominios de bodegas flex y centros log\u00edsticos Clase A; siendo \u201cAvanza Park Coquimbo\u201d una de estas opciones.<br \/>\nEl proyecto se ubica en el sector de Pan de Az\u00facar, en la Ruta 43 que conecta Coquimbo con Ovalle, y desde la empresa reconocen que dicho sector \u201cse est\u00e1 transformando en un atractivo polo industrial por su cercan\u00eda con ciudades de toda la regi\u00f3n, sobre todo en aquellas ubicadas en las provincias de Elqui, Limar\u00ed y Choapa\u201d.<br \/>\nCon una superficie de casi 68 mil m2, el proyecto completo de Avanza Park Coquimbo se desarrollar\u00e1 en varias etapas. Por una parte, en este 2024 se inici\u00f3 la construcci\u00f3n un sector de 10 mil m2 en formato bodegas flex y, para el segundo semestre, se ejecutar\u00e1n las obras para una nave log\u00edstica Clase A de cerca de 40 mil m2.<\/p>\n<p><strong>Ventajas<\/strong><br \/>\nEntre las ventajas comparativas de este proyecto, adem\u00e1s de su excelente ubicaci\u00f3n, se encuentra la flexibilidad para adaptarse a distintos rubros industriales, entre los que se encuentran el retail y e-commerce, el sector log\u00edstico, el \u00e1rea farmac\u00e9utica, los proveedores del sector minero, entre muchas otras \u00e1reas.<br \/>\nDesde Grupo Campos, Nicol\u00e1s Chelebifski, Gerente de Ventas de Avanza Park, agrega algunas caracter\u00edsticas positivas del inmueble: \u201cla excelente ubicaci\u00f3n de este proyecto, inmediato en la Ruta 43, permite conectar las tres ciudades m\u00e1s importantes de la Regi\u00f3n: La Serena, Coquimbo y Ovalle en menos de una hora. Esto se transforma en una muy atractiva caracter\u00edstica para industrias que apuntan al cliente final con necesidades de \u00faltima milla -lo que conocemos como B2C- pero tambi\u00e9n a otros sectores productivos del tipo B2B, sobre todo a aquellas que atienden a otras empresas de la regi\u00f3n. En todos esos casos se puede responder de manera satisfactoria, ya sea en el mismo d\u00eda o bien, en tiempos reducidos\u201d.<\/p>\n<p>Por otra parte, Avanza Park Coquimbo tambi\u00e9n se convierte en un espacio para apoyar a los emprendedores que buscan crecer en esta regi\u00f3n, sin tener que depender de Santiago.<br \/>\n\u201cHay rubros que pueden encontrarse con problemas log\u00edsticos dif\u00edciles de solucionar como, por ejemplo, mantener cadenas de fr\u00edo. Contar con bodegas o centros de distribuci\u00f3n m\u00e1s cerca del cliente final resuelve este \u00edtem. Hoy ofrecemos las condiciones para impulsar la distribuci\u00f3n de productos que requieren mantener estas cadenas, como ocurre en el rubro de alimentos congelados y medicamentos. Tanto estas industrias como muchas otras encontrar\u00e1n en nosotros un partner estrat\u00e9gico para seguir creciendo\u201d, agreg\u00f3 el vocero de la compa\u00f1\u00eda.<\/p>\n<p><strong>Seguridad, flexibilidad y experiencia<\/strong><br \/>\nDesde la empresa miran con atenci\u00f3n y expectaci\u00f3n el desarrollo minero y log\u00edstico portuario por lo cual han apostado por esta zona , aportando con proyectos que ofrecen seguridad, flexibilidad y experiencia.<br \/>\nAvanza Park destaca por ofrecer sistemas de seguridad con tecnolog\u00eda de punta que, combinados por una rigurosa administraci\u00f3n, generan condiciones para resguardar los productos de las bodegas, resaltando la confiabilidad de este servicio.<br \/>\nRespecto a la flexibilidad, la empresa ofrece alternativas de superficies seg\u00fan las necesidades propias de los clientes, generando as\u00ed condiciones para la inclusi\u00f3n de nuevas tecnolog\u00edas o bien, f\u00f3rmulas m\u00e1s eficientes para el bodegaje y distribuci\u00f3n de productos.<br \/>\nSobre la experiencia, destacan los 50 a\u00f1os que tiene la compa\u00f1\u00eda en el mercado europeo, que incluye cerca de una d\u00e9cada de operaciones en Chile, adem\u00e1s de proyecciones para crecer en Latinoam\u00e9rica.<\/p>\n","protected":false},"excerpt":{"rendered":"<p>En el coraz\u00f3n del Norte Chico de Chile, el holding Grupo Campos est\u00e1 instalado un espacio para el crecimiento de la actividad industrial en la zona, cercano al Centro de Despacho Mercado Libre \u2013 Unimarc. Grupo Campos est\u00e1 en pleno desarrollo inmobiliario de condominios de bodegas flex y centros log\u00edsticos Clase A; siendo \u201cAvanza Park [&hellip;]<\/p>\n","protected":false},"author":1,"featured_media":12347,"comment_status":"open","ping_status":"open","sticky":false,"template":"","format":"standard","meta":{"tdm_status":"","tdm_grid_status":"","footnotes":"","_wpscppro_dont_share_socialmedia":false,"_wpscppro_custom_social_share_image":0,"_facebook_share_type":"","_twitter_share_type":"","_linkedin_share_type":"","_pinterest_share_type":"","_linkedin_share_type_page":"","_instagram_share_type":"","_medium_share_type":"","_threads_share_type":"","_google_business_share_type":"","_bluesky_share_type":"","_mastodon_share_type":"","_selected_social_profile":[],"_wpsp_enable_custom_social_template":false,"_wpsp_social_scheduling":{"enabled":false,"datetime":null,"platforms":[],"status":"template_only","dateOption":"today","timeOption":"now","customDays":"","customHours":"","customDate":"","customTime":"","schedulingType":"absolute"},"_wpsp_active_default_template":true},"categories":[1],"tags":[8,28],"class_list":["post-12345","post","type-post","status-publish","format-standard","has-post-thumbnail","hentry","category-uncategorized","tag-marketing","tag-site-tips"],"_links":{"self":[{"href":"https:\/\/www.semanariotiempo.cl\/index.php?rest_route=\/wp\/v2\/posts\/12345","targetHints":{"allow":["GET"]}}],"collection":[{"href":"https:\/\/www.semanariotiempo.cl\/index.php?rest_route=\/wp\/v2\/posts"}],"about":[{"href":"https:\/\/www.semanariotiempo.cl\/index.php?rest_route=\/wp\/v2\/types\/post"}],"author":[{"embeddable":true,"href":"https:\/\/www.semanariotiempo.cl\/index.php?rest_route=\/wp\/v2\/users\/1"}],"replies":[{"embeddable":true,"href":"https:\/\/www.semanariotiempo.cl\/index.php?rest_route=%2Fwp%2Fv2%2Fcomments&post=12345"}],"version-history":[{"count":0,"href":"https:\/\/www.semanariotiempo.cl\/index.php?rest_route=\/wp\/v2\/posts\/12345\/revisions"}],"wp:featuredmedia":[{"embeddable":true,"href":"https:\/\/www.semanariotiempo.cl\/index.php?rest_route=\/wp\/v2\/media\/12347"}],"wp:attachment":[{"href":"https:\/\/www.semanariotiempo.cl\/index.php?rest_route=%2Fwp%2Fv2%2Fmedia&parent=12345"}],"wp:term":[{"taxonomy":"category","embeddable":true,"href":"https:\/\/www.semanariotiempo.cl\/index.php?rest_route=%2Fwp%2Fv2%2Fcategories&post=12345"},{"taxonomy":"post_tag","embeddable":true,"href":"https:\/\/www.semanariotiempo.cl\/index.php?rest_route=%2Fwp%2Fv2%2Ftags&post=12345"}],"curies":[{"name":"wp","href":"https:\/\/api.w.org\/{rel}","templated":true}]}}