{"id":12332,"date":"2024-05-06T15:39:47","date_gmt":"2024-05-06T19:39:47","guid":{"rendered":"https:\/\/www.semanariotiempo.cl\/?p=12332"},"modified":"2024-05-06T15:39:47","modified_gmt":"2024-05-06T19:39:47","slug":"alianza-entre-seremi-de-economia-y-teatro-centenario-busca-potenciar-a-emprendedores-locales","status":"publish","type":"post","link":"https:\/\/www.semanariotiempo.cl\/?p=12332","title":{"rendered":"Alianza entre SEREMI de Econom\u00eda y Teatro Centenario busca potenciar a emprendedores locales"},"content":{"rendered":"<h4><span style=\"color: #800000;\"><strong>\u2022 Con motivo del D\u00eda Nacional del Emprendimiento, este lunes 29 de abril, emprendedores regionales, la SEREMI de Econom\u00eda y Teatro Centenario se encontraron para compartir experiencias, construir redes de trabajo y colaborar en el apoyo al ecosistema emprendedor.<\/strong><\/span><br \/>\n<span style=\"color: #800000;\"><strong>\u2022 A trav\u00e9s de una alianza p\u00fablico-privada, se busca entregar nuevos espacios para la promoci\u00f3n de productos con sello regional, fortaleciendo a las MiPymes locales.<\/strong><\/span><\/h4>\n<p><img loading=\"lazy\" decoding=\"async\" class=\"size-full wp-image-12334 aligncenter\" src=\"https:\/\/www.semanariotiempo.cl\/wp-content\/uploads\/2024\/05\/teatro-comercio.jpg\" alt=\"\" width=\"1314\" height=\"844\" srcset=\"https:\/\/www.semanariotiempo.cl\/wp-content\/uploads\/2024\/05\/teatro-comercio.jpg 1314w, https:\/\/www.semanariotiempo.cl\/wp-content\/uploads\/2024\/05\/teatro-comercio-300x193.jpg 300w, https:\/\/www.semanariotiempo.cl\/wp-content\/uploads\/2024\/05\/teatro-comercio-1024x658.jpg 1024w, https:\/\/www.semanariotiempo.cl\/wp-content\/uploads\/2024\/05\/teatro-comercio-768x493.jpg 768w, https:\/\/www.semanariotiempo.cl\/wp-content\/uploads\/2024\/05\/teatro-comercio-696x447.jpg 696w, https:\/\/www.semanariotiempo.cl\/wp-content\/uploads\/2024\/05\/teatro-comercio-1068x686.jpg 1068w, https:\/\/www.semanariotiempo.cl\/wp-content\/uploads\/2024\/05\/teatro-comercio-654x420.jpg 654w\" sizes=\"auto, (max-width: 1314px) 100vw, 1314px\" \/><\/p>\n<p>Seg\u00fan cifras de 2023 del Ministerio de Econom\u00eda, Fomento y Turismo y el Instituto Nacional de Estad\u00edsticas (INE), cerca de 1.978.000 chilenos y chilenas son micro emprendedores. Adem\u00e1s, las MiPymes generan cerca del 65% de los empleos formales en el pa\u00eds.<br \/>\nPara reconocer el rol de los emprendedores en la econom\u00eda de la Regi\u00f3n de Coquimbo y con motivo del D\u00eda Nacional del Emprendimiento, este lunes 29 de abril, la SEREMI de Econom\u00eda y el Teatro Centenario de La Serena generaron un encuentro, en el que emprendedores de toda la regi\u00f3n mostraron sus productos, contaron sus historias de esfuerzo y dedicaci\u00f3n y generaron contactos y redes para colaboraciones y futuros negocios.<\/p>\n<p>Pertenecientes a rubros tan diversos como la cosm\u00e9tica natural, piscos, quesos y otros derivados de la leche de cabra, fertilizantes naturales, artesan\u00eda en cuero y textiles, todos con sello e identidad de la Regi\u00f3n de Coquimbo, los productores se dieron cita en el recinto cultural de la capital regional para conversar e intercambiar contactos y as\u00ed hacer crecer juntos la econom\u00eda.<br \/>\nUna de las participantes en el encuentro fue Avianna Mayorga Monje, due\u00f1a de Bienestar Natural (@bienestar_natural en Instagram), emprendimiento de la localidad de El Hinojal en La Serena que ofrece cosm\u00e9tica y artesan\u00eda natural como cremas, lociones, t\u00f3nicos, velas y aromatizantes de ambientes.<br \/>\nAvianna relev\u00f3 que \u201cfue una experiencia muy enriquecedora, me gust\u00f3 mucho compartir experiencias con otros emprendimientos e incluso, que otros emprendedores ya nos conoc\u00edan. Ser\u00eda ideal que se repitan estos eventos y que nuestros productos sean m\u00e1s conocidos\u201d.<\/p>\n<p>En tanto, Celia Gonz\u00e1lez, due\u00f1a de Palquisol (@palquisol), MiPyme de la localidad de El Palqui (comuna de Monte Patria), que utiliza hornos solares para desecar diversas frutas que se venden como snacks, adem\u00e1s de t\u00e9 artesanal e infusiones, plantea que \u201cfue una muy buena actividad, pensando en un primer acercamiento para contar con un nuevo punto de ventas de nuestros productos con identidad regional, en el que se ofrezcan productos con identidad regional\u201d.<\/p>\n<p>Por su parte, Doris Arancibia Silva, propietaria de Aprisco Los Herrera (@aprisco_los_herrera), quienes elaboran productos como quesos, manjar y yogur, en base a leche de cabra del sector de Los Choros, en la comuna de La Higuera, destaca que \u201cpudimos dar a conocer nuestras creaciones y nuestros productos y formar redes colaborativas con otros productores de la regi\u00f3n de Coquimbo, que nos permitan potenciarnos entre todos\u201d.<br \/>\nSeg\u00fan un estudio del Global Entrepreneurship Monitor (GEM) de 2023, un 80% de la poblaci\u00f3n adulta chilena de entre 18 y 64 a\u00f1os percibe al emprendimiento como una opci\u00f3n de carrera, mientras que un 70%, declara tener modelos de referencia de personas que han emprendido en los \u00faltimos 12 meses.<\/p>\n<p>P\u00eda Castillo Bosselaar, SEREMI de Econom\u00eda de la Regi\u00f3n de Coquimbo, destac\u00f3 que \u201csomos el Gobierno de las cooperativas y las MiPymes y tenemos la misi\u00f3n de fortalecerlas, a trav\u00e9s de alianzas estrat\u00e9gicas como la que hemos construido con Teatro Centenario. Buscamos que este v\u00ednculo se fortalezca y que, en un futuro no muy lejano, emprendedores regionales puedan exhibir y ofrecer sus productos en este centro cultural, recuperado por un empresario serenense, comprometido con la industria creativa de su ciudad y de la Regi\u00f3n\u201d.<\/p>\n<p>Sebasti\u00e1n Bravo S\u00f6hrens, representante legal de Teatro Centenario (@teatrocentenario), plante\u00f3 que \u201cnos entusiasma colaborar con el fortalecimiento de las MiPymes locales y es por ello, que buscamos generar redes, para que puedan exhibir o presentar sus productos en nuestras instalaciones y as\u00ed, contribuir a que la artesan\u00eda, las industrias creativas y la industria agroalimentaria regional crezcan, en base a esta alianza\u201d.<\/p>\n","protected":false},"excerpt":{"rendered":"<p>\u2022 Con motivo del D\u00eda Nacional del Emprendimiento, este lunes 29 de abril, emprendedores regionales, la SEREMI de Econom\u00eda y Teatro Centenario se encontraron para compartir experiencias, construir redes de trabajo y colaborar en el apoyo al ecosistema emprendedor. \u2022 A trav\u00e9s de una alianza p\u00fablico-privada, se busca entregar nuevos espacios para la promoci\u00f3n de [&hellip;]<\/p>\n","protected":false},"author":1,"featured_media":12334,"comment_status":"open","ping_status":"open","sticky":false,"template":"","format":"standard","meta":{"tdm_status":"","tdm_grid_status":"","footnotes":"","_wpscppro_dont_share_socialmedia":false,"_wpscppro_custom_social_share_image":0,"_facebook_share_type":"","_twitter_share_type":"","_linkedin_share_type":"","_pinterest_share_type":"","_linkedin_share_type_page":"","_instagram_share_type":"","_medium_share_type":"","_threads_share_type":"","_google_business_share_type":"","_bluesky_share_type":"","_mastodon_share_type":"","_selected_social_profile":[],"_wpsp_enable_custom_social_template":false,"_wpsp_social_scheduling":{"enabled":false,"datetime":null,"platforms":[],"status":"template_only","dateOption":"today","timeOption":"now","customDays":"","customHours":"","customDate":"","customTime":"","schedulingType":"absolute"},"_wpsp_active_default_template":true},"categories":[1],"tags":[8],"class_list":["post-12332","post","type-post","status-publish","format-standard","has-post-thumbnail","hentry","category-uncategorized","tag-marketing"],"_links":{"self":[{"href":"https:\/\/www.semanariotiempo.cl\/index.php?rest_route=\/wp\/v2\/posts\/12332","targetHints":{"allow":["GET"]}}],"collection":[{"href":"https:\/\/www.semanariotiempo.cl\/index.php?rest_route=\/wp\/v2\/posts"}],"about":[{"href":"https:\/\/www.semanariotiempo.cl\/index.php?rest_route=\/wp\/v2\/types\/post"}],"author":[{"embeddable":true,"href":"https:\/\/www.semanariotiempo.cl\/index.php?rest_route=\/wp\/v2\/users\/1"}],"replies":[{"embeddable":true,"href":"https:\/\/www.semanariotiempo.cl\/index.php?rest_route=%2Fwp%2Fv2%2Fcomments&post=12332"}],"version-history":[{"count":0,"href":"https:\/\/www.semanariotiempo.cl\/index.php?rest_route=\/wp\/v2\/posts\/12332\/revisions"}],"wp:featuredmedia":[{"embeddable":true,"href":"https:\/\/www.semanariotiempo.cl\/index.php?rest_route=\/wp\/v2\/media\/12334"}],"wp:attachment":[{"href":"https:\/\/www.semanariotiempo.cl\/index.php?rest_route=%2Fwp%2Fv2%2Fmedia&parent=12332"}],"wp:term":[{"taxonomy":"category","embeddable":true,"href":"https:\/\/www.semanariotiempo.cl\/index.php?rest_route=%2Fwp%2Fv2%2Fcategories&post=12332"},{"taxonomy":"post_tag","embeddable":true,"href":"https:\/\/www.semanariotiempo.cl\/index.php?rest_route=%2Fwp%2Fv2%2Ftags&post=12332"}],"curies":[{"name":"wp","href":"https:\/\/api.w.org\/{rel}","templated":true}]}}