{"id":12322,"date":"2024-05-03T15:44:38","date_gmt":"2024-05-03T19:44:38","guid":{"rendered":"https:\/\/www.semanariotiempo.cl\/?p=12322"},"modified":"2024-05-03T15:44:38","modified_gmt":"2024-05-03T19:44:38","slug":"pensiones-como-alinear-el-equipo-para-la-carrera","status":"publish","type":"post","link":"https:\/\/www.semanariotiempo.cl\/?p=12322","title":{"rendered":"Pensiones: \u00bfC\u00f3mo Alinear el Equipo para la Carrera?"},"content":{"rendered":"<p>Imaginemos que estamos en una carrera de relevos, donde cada generaci\u00f3n pasa la posta a la siguiente. En esta competencia, la meta es alcanzar una jubilaci\u00f3n digna y segura para todos. Sin embargo, la pista sobre la que corremos est\u00e1 llena de obst\u00e1culos; por eso, preparar bien el equipo es clave para nuestro \u00e9xito.<br \/>\nUna de las primeras decisiones ser\u00eda c\u00f3mo distribuir la tasa de cotizaci\u00f3n adicional que propone la reforma. Algunos quieren poner una parte en una bolsa com\u00fan para ser gastada al mes siguiente y otros ahorrar el importe completo. En definitiva, estamos definiendo la estrategia con que vamos a correr la posta.<\/p>\n<p>La distribuci\u00f3n 3-3 beneficia a algunos grupos, entre ellos, aquellos que ya corrieron, que ya pasaron el testimonio y no volver\u00e1n a la pista. Tambi\u00e9n beneficia en algo a aquellas personas que ya est\u00e1n hace un tiempo en el mercado laboral y les quedan solo unos metros por recorrer. Sin embargo, es un beneficio que se disipar\u00e1 con los a\u00f1os as\u00ed que, en la pr\u00e1ctica, esta estrategia de carrera nos permitir\u00e1 liderar la competencia en los primeros tramos, pero no nos asegura la victoria final.<br \/>\n\u00bfPor qu\u00e9? Porque se observa que, para todos los j\u00f3venes, la capitalizaci\u00f3n individual ofrece pensiones m\u00e1s altas. En efecto, si tomamos el caso de una estudiante de animaci\u00f3n de videojuegos que comience a trabajar ganando $ 500 mil, obtendr\u00eda una pensi\u00f3n de $ 253 mil si la cotizaci\u00f3n adicional se distribuyera 3% a reparto y 3% a ahorro. En cambio, si todo fuera a ahorro, su pensi\u00f3n ser\u00eda de $ 269 mil; es decir, $ 16 mil m\u00e1s alta.<br \/>\nY este es el caso menos favorable. En efecto, un estudiante de ingenier\u00eda en rob\u00f3tica que cuando se grad\u00fae obtenga un ingreso inicial de $ 900 mil, lograr\u00eda una pensi\u00f3n de $ 436 mil con la distribuci\u00f3n 3-3 y de $ 530 mil destinando todo a capitalizaci\u00f3n, una diferencia de $ 94 mil. Esto es equivalente a recibir m\u00e1s de un Bono Marzo todos los meses, una suma que podr\u00eda marcar la diferencia en la vida cotidiana de muchas personas.<\/p>\n<p>\u00bfQu\u00e9 estrategia nos asegura llegar de manera exitosa a la meta? Hay una clara favorita: la capitalizaci\u00f3n individual. Centrarse en aquellos que se benefician a corto plazo es perder de vista el panorama completo. Es vital que todas las personas, como cada atleta de un equipo, participe de una estrategia com\u00fan para lograr llegar victoriosa a la meta. De lo contrario, estamos arriesgando la carrera completa por el ansia de liderar la competencia en sus primeros metros. Los atletas del ma\u00f1ana son igual de importantes que los atletas de hoy y los de ayer. No dejemos que los j\u00f3venes de hoy se conviertan en una generaci\u00f3n perdida en t\u00e9rminos de pensiones.<\/p>\n<p><img loading=\"lazy\" decoding=\"async\" class=\" wp-image-12325 aligncenter\" src=\"https:\/\/www.semanariotiempo.cl\/wp-content\/uploads\/2024\/05\/Gabriel-Cestau-2.jpg\" alt=\"\" width=\"380\" height=\"412\" srcset=\"https:\/\/www.semanariotiempo.cl\/wp-content\/uploads\/2024\/05\/Gabriel-Cestau-2.jpg 749w, https:\/\/www.semanariotiempo.cl\/wp-content\/uploads\/2024\/05\/Gabriel-Cestau-2-276x300.jpg 276w, https:\/\/www.semanariotiempo.cl\/wp-content\/uploads\/2024\/05\/Gabriel-Cestau-2-696x755.jpg 696w, https:\/\/www.semanariotiempo.cl\/wp-content\/uploads\/2024\/05\/Gabriel-Cestau-2-387x420.jpg 387w\" sizes=\"auto, (max-width: 380px) 100vw, 380px\" \/><\/p>\n<p style=\"text-align: center;\"><em>Gabriel Cestau \u2013 Director Observatorio Perspectivas<\/em><\/p>\n<p>&nbsp;<\/p>\n","protected":false},"excerpt":{"rendered":"<p>Imaginemos que estamos en una carrera de relevos, donde cada generaci\u00f3n pasa la posta a la siguiente. En esta competencia, la meta es alcanzar una jubilaci\u00f3n digna y segura para todos. Sin embargo, la pista sobre la que corremos est\u00e1 llena de obst\u00e1culos; por eso, preparar bien el equipo es clave para nuestro \u00e9xito. Una [&hellip;]<\/p>\n","protected":false},"author":1,"featured_media":12325,"comment_status":"open","ping_status":"open","sticky":false,"template":"","format":"standard","meta":{"tdm_status":"","tdm_grid_status":"","footnotes":"","_wpscppro_dont_share_socialmedia":false,"_wpscppro_custom_social_share_image":0,"_facebook_share_type":"","_twitter_share_type":"","_linkedin_share_type":"","_pinterest_share_type":"","_linkedin_share_type_page":"","_instagram_share_type":"","_medium_share_type":"","_threads_share_type":"","_google_business_share_type":"","_bluesky_share_type":"","_mastodon_share_type":"","_selected_social_profile":[],"_wpsp_enable_custom_social_template":false,"_wpsp_social_scheduling":{"enabled":false,"datetime":null,"platforms":[],"status":"template_only","dateOption":"today","timeOption":"now","customDays":"","customHours":"","customDate":"","customTime":"","schedulingType":"absolute"},"_wpsp_active_default_template":true},"categories":[],"tags":[25],"class_list":["post-12322","post","type-post","status-publish","format-standard","has-post-thumbnail","hentry","tag-wordpress-themes"],"_links":{"self":[{"href":"https:\/\/www.semanariotiempo.cl\/index.php?rest_route=\/wp\/v2\/posts\/12322","targetHints":{"allow":["GET"]}}],"collection":[{"href":"https:\/\/www.semanariotiempo.cl\/index.php?rest_route=\/wp\/v2\/posts"}],"about":[{"href":"https:\/\/www.semanariotiempo.cl\/index.php?rest_route=\/wp\/v2\/types\/post"}],"author":[{"embeddable":true,"href":"https:\/\/www.semanariotiempo.cl\/index.php?rest_route=\/wp\/v2\/users\/1"}],"replies":[{"embeddable":true,"href":"https:\/\/www.semanariotiempo.cl\/index.php?rest_route=%2Fwp%2Fv2%2Fcomments&post=12322"}],"version-history":[{"count":0,"href":"https:\/\/www.semanariotiempo.cl\/index.php?rest_route=\/wp\/v2\/posts\/12322\/revisions"}],"wp:featuredmedia":[{"embeddable":true,"href":"https:\/\/www.semanariotiempo.cl\/index.php?rest_route=\/wp\/v2\/media\/12325"}],"wp:attachment":[{"href":"https:\/\/www.semanariotiempo.cl\/index.php?rest_route=%2Fwp%2Fv2%2Fmedia&parent=12322"}],"wp:term":[{"taxonomy":"category","embeddable":true,"href":"https:\/\/www.semanariotiempo.cl\/index.php?rest_route=%2Fwp%2Fv2%2Fcategories&post=12322"},{"taxonomy":"post_tag","embeddable":true,"href":"https:\/\/www.semanariotiempo.cl\/index.php?rest_route=%2Fwp%2Fv2%2Ftags&post=12322"}],"curies":[{"name":"wp","href":"https:\/\/api.w.org\/{rel}","templated":true}]}}