{"id":12285,"date":"2024-04-30T21:30:04","date_gmt":"2024-05-01T01:30:04","guid":{"rendered":"https:\/\/www.semanariotiempo.cl\/?p=12285"},"modified":"2024-04-30T21:30:04","modified_gmt":"2024-05-01T01:30:04","slug":"senado-despacha-proyecto-que-agiliza-decretos-en-zonas-de-escasez-hidrica","status":"publish","type":"post","link":"https:\/\/www.semanariotiempo.cl\/?p=12285","title":{"rendered":"Senado despacha proyecto que agiliza decretos en zonas de escasez h\u00eddrica"},"content":{"rendered":"<h4><span style=\"color: #800000;\"><strong>La iniciativa que ser\u00e1 analizada ahora por la C\u00e1mara Baja en su tercer tr\u00e1mite apunta adem\u00e1s a incorporar a las obras estatales de desarrollo del recurso h\u00eddrico.<\/strong><\/span><\/h4>\n<p><img loading=\"lazy\" decoding=\"async\" class=\"size-full wp-image-12287 aligncenter\" src=\"https:\/\/www.semanariotiempo.cl\/wp-content\/uploads\/2024\/04\/sequia-02-1.jpg\" alt=\"\" width=\"1050\" height=\"700\" srcset=\"https:\/\/www.semanariotiempo.cl\/wp-content\/uploads\/2024\/04\/sequia-02-1.jpg 1050w, https:\/\/www.semanariotiempo.cl\/wp-content\/uploads\/2024\/04\/sequia-02-1-300x200.jpg 300w, https:\/\/www.semanariotiempo.cl\/wp-content\/uploads\/2024\/04\/sequia-02-1-1024x683.jpg 1024w, https:\/\/www.semanariotiempo.cl\/wp-content\/uploads\/2024\/04\/sequia-02-1-768x512.jpg 768w, https:\/\/www.semanariotiempo.cl\/wp-content\/uploads\/2024\/04\/sequia-02-1-696x464.jpg 696w, https:\/\/www.semanariotiempo.cl\/wp-content\/uploads\/2024\/04\/sequia-02-1-630x420.jpg 630w\" sizes=\"auto, (max-width: 1050px) 100vw, 1050px\" \/><\/p>\n<p>Tras dos jornadas de debate, la Sala del Senado aprob\u00f3 y envi\u00f3 a tercer tr\u00e1mite, el proyecto que modifica el C\u00f3digo de Aguas para agilizar la entrada en vigencia de los decretos de declaraci\u00f3n de zona de escasez h\u00eddrica e incorporar a las obras estatales de desarrollo del recurso.<br \/>\nEsto luego que aprobara la idea de legislar con 23 votos a favor y revisara las indicaciones estudiadas en la Comisi\u00f3n de Recursos H\u00eddricos, Desertificaci\u00f3n y Sequ\u00eda y algunas que se presentaron en la Sala.<br \/>\nEl mensaje cuenta con urgencia de discusi\u00f3n inmediata y tiene como objetivos agilizar la entrada en vigencia de los decretos de declaraci\u00f3n de zona de escasez h\u00eddrica regulados en el art\u00edculo 314 del C\u00f3digo de Aguas, e incorporar a las obras estatales de desarrollo del recurso h\u00eddrico en tales decretos, a fin de que les sean aplicables las medidas contenidas en ellos.<\/p>\n<p><strong>PROYECTO<\/strong><br \/>\nLa iniciativa, impulsada por el Ejecutivo, enmienda el C\u00f3digo de Aguas en dos l\u00edneas:<br \/>\nAgiliza las declaratorias de los decretos de declaraci\u00f3n de zona de escasez h\u00eddrica<br \/>\nIncorpora a las obras estatales de desarrollo del recurso h\u00eddrico en tales decretos de declaraci\u00f3n de escasez h\u00eddrica. La idea es que tambi\u00e9n les sean aplicables las medidas contenidas en ellos.<br \/>\nCabe recordar que la declaratoria de una zona de escasez h\u00eddrica es un instrumento que posee actualmente el Presidente de la Rep\u00fablica. Este se genera a petici\u00f3n y con informe de la Direcci\u00f3n General de Aguas (DGA). Su finalidad es proveer de determinadas herramientas y potestades p\u00fablicas a la mencionada Direcci\u00f3n, con el objetivo de reducir al m\u00ednimo los da\u00f1os derivados de una sequ\u00eda severa. As\u00ed, se busca garantizar que el uso del agua sea destinado para el consumo humano, saneamiento o el uso dom\u00e9stico de subsistencia.<\/p>\n<p>La norma garantiza que los referidos decretos puedan generar sus efectos jur\u00eddicos de manera inmediata una vez dictados, sin perjuicio de la posterior toma de raz\u00f3n por la Contralor\u00eda General de la Rep\u00fablica.<br \/>\nDel mismo modo, se procede a incluir a las obras estatales de desarrollo del recurso h\u00eddrico dentro de aquellas que quedar\u00e1n sujetas a las medidas contenidas en los decretos de declaraci\u00f3n de zona de escasez h\u00eddrica.<br \/>\nDe tal manera, quienes administren este tipo de obras tambi\u00e9n deber\u00e1n dar cumplimiento a las medidas contenidas en los referidos decretos, otorg\u00e1ndole a la Direcci\u00f3n General de Aguas la facultad de redistribuir directamente las aguas contenidas en ellas cuando existan situaciones de sequ\u00eda severa debidamente declaradas.<\/p>\n","protected":false},"excerpt":{"rendered":"<p>La iniciativa que ser\u00e1 analizada ahora por la C\u00e1mara Baja en su tercer tr\u00e1mite apunta adem\u00e1s a incorporar a las obras estatales de desarrollo del recurso h\u00eddrico. Tras dos jornadas de debate, la Sala del Senado aprob\u00f3 y envi\u00f3 a tercer tr\u00e1mite, el proyecto que modifica el C\u00f3digo de Aguas para agilizar la entrada en [&hellip;]<\/p>\n","protected":false},"author":1,"featured_media":12287,"comment_status":"open","ping_status":"open","sticky":false,"template":"","format":"standard","meta":{"tdm_status":"","tdm_grid_status":"","footnotes":"","_wpscppro_dont_share_socialmedia":false,"_wpscppro_custom_social_share_image":0,"_facebook_share_type":"","_twitter_share_type":"","_linkedin_share_type":"","_pinterest_share_type":"","_linkedin_share_type_page":"","_instagram_share_type":"","_medium_share_type":"","_threads_share_type":"","_google_business_share_type":"","_bluesky_share_type":"","_mastodon_share_type":"","_selected_social_profile":[],"_wpsp_enable_custom_social_template":false,"_wpsp_social_scheduling":{"enabled":false,"datetime":null,"platforms":[],"status":"template_only","dateOption":"today","timeOption":"now","customDays":"","customHours":"","customDate":"","customTime":"","schedulingType":"absolute"},"_wpsp_active_default_template":true},"categories":[1],"tags":[16,8,28],"class_list":["post-12285","post","type-post","status-publish","format-standard","has-post-thumbnail","hentry","category-uncategorized","tag-make-money-online","tag-marketing","tag-site-tips"],"_links":{"self":[{"href":"https:\/\/www.semanariotiempo.cl\/index.php?rest_route=\/wp\/v2\/posts\/12285","targetHints":{"allow":["GET"]}}],"collection":[{"href":"https:\/\/www.semanariotiempo.cl\/index.php?rest_route=\/wp\/v2\/posts"}],"about":[{"href":"https:\/\/www.semanariotiempo.cl\/index.php?rest_route=\/wp\/v2\/types\/post"}],"author":[{"embeddable":true,"href":"https:\/\/www.semanariotiempo.cl\/index.php?rest_route=\/wp\/v2\/users\/1"}],"replies":[{"embeddable":true,"href":"https:\/\/www.semanariotiempo.cl\/index.php?rest_route=%2Fwp%2Fv2%2Fcomments&post=12285"}],"version-history":[{"count":0,"href":"https:\/\/www.semanariotiempo.cl\/index.php?rest_route=\/wp\/v2\/posts\/12285\/revisions"}],"wp:featuredmedia":[{"embeddable":true,"href":"https:\/\/www.semanariotiempo.cl\/index.php?rest_route=\/wp\/v2\/media\/12287"}],"wp:attachment":[{"href":"https:\/\/www.semanariotiempo.cl\/index.php?rest_route=%2Fwp%2Fv2%2Fmedia&parent=12285"}],"wp:term":[{"taxonomy":"category","embeddable":true,"href":"https:\/\/www.semanariotiempo.cl\/index.php?rest_route=%2Fwp%2Fv2%2Fcategories&post=12285"},{"taxonomy":"post_tag","embeddable":true,"href":"https:\/\/www.semanariotiempo.cl\/index.php?rest_route=%2Fwp%2Fv2%2Ftags&post=12285"}],"curies":[{"name":"wp","href":"https:\/\/api.w.org\/{rel}","templated":true}]}}