{"id":12277,"date":"2024-04-30T21:19:59","date_gmt":"2024-05-01T01:19:59","guid":{"rendered":"https:\/\/www.semanariotiempo.cl\/?p=12277"},"modified":"2024-04-30T21:19:59","modified_gmt":"2024-05-01T01:19:59","slug":"comienza-periodo-de-postulaciones-para-la-asignacion-de-terrenos-fiscales-a-proyectos-de-almacenamiento-de-energia","status":"publish","type":"post","link":"https:\/\/www.semanariotiempo.cl\/?p=12277","title":{"rendered":"Comienza periodo de postulaciones para la asignaci\u00f3n de terrenos fiscales a proyectos de almacenamiento de energ\u00eda"},"content":{"rendered":"<h4><span style=\"color: #800000;\"><strong>\u2022 La iniciativa tiene como objetivo impulsar el desarrollo del almacenamiento en el pa\u00eds para proyectos que est\u00e9n operativos a partir de 2026. Se espera asignar terrenos para proyectos con una capacidad agregada de 13 GWh en las regiones del Norte Grande del pa\u00eds.<\/strong><\/span><\/h4>\n<p><img loading=\"lazy\" decoding=\"async\" class=\"size-full wp-image-12279 aligncenter\" src=\"https:\/\/www.semanariotiempo.cl\/wp-content\/uploads\/2024\/04\/proyecto-solar.jpg\" alt=\"\" width=\"525\" height=\"310\" srcset=\"https:\/\/www.semanariotiempo.cl\/wp-content\/uploads\/2024\/04\/proyecto-solar.jpg 525w, https:\/\/www.semanariotiempo.cl\/wp-content\/uploads\/2024\/04\/proyecto-solar-300x177.jpg 300w\" sizes=\"auto, (max-width: 525px) 100vw, 525px\" \/><\/p>\n<p>Ya est\u00e1 en marcha el periodo de postulaciones para los desarrolladores que deseen ser parte del Plan de Fomento para el Desarrollo de Sistemas de Almacenamiento, una de las prioridades de la agenda del sector el\u00e9ctrico en su segundo tiempo, con la que el Gobierno impulsa la transici\u00f3n energ\u00e9tica.<br \/>\nPresentada en noviembre de 2023 por los Ministerios de Energ\u00eda y Bienes Nacionales, esta iniciativa contempla la asignaci\u00f3n de terrenos fiscales para proyectos de almacenamiento.<br \/>\n\u201cEl almacenamiento surge como una soluci\u00f3n eficaz para abordar los excedentes de energ\u00eda renovable, la variabilidad en la generaci\u00f3n y permite capturar el excedente de energ\u00eda\u201d, explic\u00f3 el ministro de Energ\u00eda, Diego Pardow.<br \/>\n\u201cEl programa que estamos desarrollando con el Ministerio de Bienes Nacionales permitir\u00e1 que las empresas puedan postular para la asignaci\u00f3n directa de terrenos destinados a proyectos de almacenamiento en zonas geogr\u00e1ficas definidas por el Coordinador El\u00e9ctrico Nacional\u201d, agreg\u00f3 el ministro Pardow.<br \/>\n\u201cBajo la administraci\u00f3n del Gobierno del Presidente Gabriel Boric, el Ministerio de Bienes Nacionales ha otorgado un total de 32 concesiones de uso oneroso para proyectos de energ\u00edas renovables no convencionales, entregando un total de 14.756 hect\u00e1reas de terreno fiscal a empresas privadas\u201d, detall\u00f3 la ministra de Bienes Nacionales, Marcela Sandoval. \u201cDichos proyectos reportar\u00e1n ingresos anuales en torno a las 470.379 UF y contribuir\u00e1n m\u00e1s de 6.500 MW al sistema el\u00e9ctrico nacional. Esperamos que se pueda dar una situaci\u00f3n igual de exitosa en el caso de esta postulaci\u00f3n para impulsar el almacenamiento de energ\u00eda en nuestro pa\u00eds\u201d, enfatiz\u00f3 la ministra Sandoval.<br \/>\nLos interesados pueden acceder a la p\u00e1gina web del Ministerio de Bienes Nacionales (www.bienesnacionales.cl), donde encontrar\u00e1n la \u00faltima resoluci\u00f3n con los detalles y condiciones de postulaci\u00f3n (Resoluci\u00f3n Exenta N\u00b0 375 del 18 de abril de 2024). Adem\u00e1s, podr\u00e1n enviar sus dudas al correo almacenamiento@mbienes.cl<\/p>\n","protected":false},"excerpt":{"rendered":"<p>\u2022 La iniciativa tiene como objetivo impulsar el desarrollo del almacenamiento en el pa\u00eds para proyectos que est\u00e9n operativos a partir de 2026. Se espera asignar terrenos para proyectos con una capacidad agregada de 13 GWh en las regiones del Norte Grande del pa\u00eds. Ya est\u00e1 en marcha el periodo de postulaciones para los desarrolladores [&hellip;]<\/p>\n","protected":false},"author":1,"featured_media":12279,"comment_status":"open","ping_status":"open","sticky":false,"template":"","format":"standard","meta":{"tdm_status":"","tdm_grid_status":"","footnotes":"","_wpscppro_dont_share_socialmedia":false,"_wpscppro_custom_social_share_image":0,"_facebook_share_type":"","_twitter_share_type":"","_linkedin_share_type":"","_pinterest_share_type":"","_linkedin_share_type_page":"","_instagram_share_type":"","_medium_share_type":"","_threads_share_type":"","_google_business_share_type":"","_bluesky_share_type":"","_mastodon_share_type":"","_selected_social_profile":[],"_wpsp_enable_custom_social_template":false,"_wpsp_social_scheduling":{"enabled":false,"datetime":null,"platforms":[],"status":"template_only","dateOption":"today","timeOption":"now","customDays":"","customHours":"","customDate":"","customTime":"","schedulingType":"absolute"},"_wpsp_active_default_template":true},"categories":[1],"tags":[8],"class_list":["post-12277","post","type-post","status-publish","format-standard","has-post-thumbnail","hentry","category-uncategorized","tag-marketing"],"_links":{"self":[{"href":"https:\/\/www.semanariotiempo.cl\/index.php?rest_route=\/wp\/v2\/posts\/12277","targetHints":{"allow":["GET"]}}],"collection":[{"href":"https:\/\/www.semanariotiempo.cl\/index.php?rest_route=\/wp\/v2\/posts"}],"about":[{"href":"https:\/\/www.semanariotiempo.cl\/index.php?rest_route=\/wp\/v2\/types\/post"}],"author":[{"embeddable":true,"href":"https:\/\/www.semanariotiempo.cl\/index.php?rest_route=\/wp\/v2\/users\/1"}],"replies":[{"embeddable":true,"href":"https:\/\/www.semanariotiempo.cl\/index.php?rest_route=%2Fwp%2Fv2%2Fcomments&post=12277"}],"version-history":[{"count":0,"href":"https:\/\/www.semanariotiempo.cl\/index.php?rest_route=\/wp\/v2\/posts\/12277\/revisions"}],"wp:featuredmedia":[{"embeddable":true,"href":"https:\/\/www.semanariotiempo.cl\/index.php?rest_route=\/wp\/v2\/media\/12279"}],"wp:attachment":[{"href":"https:\/\/www.semanariotiempo.cl\/index.php?rest_route=%2Fwp%2Fv2%2Fmedia&parent=12277"}],"wp:term":[{"taxonomy":"category","embeddable":true,"href":"https:\/\/www.semanariotiempo.cl\/index.php?rest_route=%2Fwp%2Fv2%2Fcategories&post=12277"},{"taxonomy":"post_tag","embeddable":true,"href":"https:\/\/www.semanariotiempo.cl\/index.php?rest_route=%2Fwp%2Fv2%2Ftags&post=12277"}],"curies":[{"name":"wp","href":"https:\/\/api.w.org\/{rel}","templated":true}]}}