{"id":10633,"date":"2023-11-16T19:59:30","date_gmt":"2023-11-16T22:59:30","guid":{"rendered":"https:\/\/www.semanariotiempo.cl\/?p=10633"},"modified":"2023-11-16T19:59:53","modified_gmt":"2023-11-16T22:59:53","slug":"circunvalacion-la-serena-coquimbo-mop-parte-diseno-vial-avanzado-y-fase-de-estudio-cerrara-el-primer-semestre-del-2024","status":"publish","type":"post","link":"https:\/\/www.semanariotiempo.cl\/?p=10633","title":{"rendered":"Circunvalaci\u00f3n La Serena Coquimbo: MOP parte \u201cdise\u00f1o vial avanzado\u201d y fase de estudio cerrar\u00e1 el primer semestre del 2024"},"content":{"rendered":"\n<h4 class=\"wp-block-heading has-vivid-red-color has-text-color\"><strong>De acuerdo a la Direcci\u00f3n General de Concesiones, la sociedad concesionaria Ruta del Elqui S.A. hizo entre de la primera etapa para analizar los permisos ambientales y las expropiaciones previos que podr\u00eda conllevar el trazado que a\u00fan est\u00e1 en evaluaci\u00f3n. Decisi\u00f3n para considerar un bypass como alternativa se mantiene para la segunda mitad del pr\u00f3ximo a\u00f1o.<\/strong><\/h4>\n\n\n<div class=\"wp-block-image\">\n<figure class=\"aligncenter size-large\"><img loading=\"lazy\" decoding=\"async\" width=\"1024\" height=\"768\" src=\"https:\/\/www.semanariotiempo.cl\/wp-content\/uploads\/2023\/11\/ruta-5-1024x768.jpg\" alt=\"\" class=\"wp-image-10634\" srcset=\"https:\/\/www.semanariotiempo.cl\/wp-content\/uploads\/2023\/11\/ruta-5-1024x768.jpg 1024w, https:\/\/www.semanariotiempo.cl\/wp-content\/uploads\/2023\/11\/ruta-5-300x225.jpg 300w, https:\/\/www.semanariotiempo.cl\/wp-content\/uploads\/2023\/11\/ruta-5-768x576.jpg 768w, https:\/\/www.semanariotiempo.cl\/wp-content\/uploads\/2023\/11\/ruta-5-696x522.jpg 696w, https:\/\/www.semanariotiempo.cl\/wp-content\/uploads\/2023\/11\/ruta-5-1068x801.jpg 1068w, https:\/\/www.semanariotiempo.cl\/wp-content\/uploads\/2023\/11\/ruta-5-560x420.jpg 560w, https:\/\/www.semanariotiempo.cl\/wp-content\/uploads\/2023\/11\/ruta-5-80x60.jpg 80w, https:\/\/www.semanariotiempo.cl\/wp-content\/uploads\/2023\/11\/ruta-5-265x198.jpg 265w, https:\/\/www.semanariotiempo.cl\/wp-content\/uploads\/2023\/11\/ruta-5.jpg 1200w\" sizes=\"auto, (max-width: 1024px) 100vw, 1024px\" \/><\/figure>\n<\/div>\n\n\n<p class=\"wp-block-paragraph\">La ejecuci\u00f3n de la segunda concesi\u00f3n de la Ruta 5 entre La Serena y Los Vilos, por unos US$550 millones, se mantiene sujeta a definiciones respecto al trazado comprendido entre la ciudad de Coquimbo y la capital regional, luego de la suspensi\u00f3n transitoria de todas y cada una de las actividades relacionadas a ese tramo, con el fin de viabilizar la eventual construcci\u00f3n de una circunvalaci\u00f3n entre ambas comunas.<br>En septiembre de este a\u00f1o, de acuerdo a la Direcci\u00f3n General de Concesiones del Ministerio de Obras P\u00fablicas (MOP), el plan de implementaci\u00f3n sigue congelado a la espera del avance de la alternativa \u201cBypass Conurbaci\u00f3n CoquimboSerena\u201d, en fase de estudio de proyecto, con cierre probable el primer semestre del 2024.<br>Durante ese mes, sin embargo, se aprob\u00f3 el an\u00e1lisis relativo a las expropiaciones, por lo que comenz\u00f3 la etapa del \u201cdise\u00f1o vial avanzado\u201d. Junto a ello, la sociedad concesionaria Ruta del Elqui S.A., cuyo titular es la empresa espa\u00f1ola Sacyr, hizo entre de los primeros an\u00e1lisis de los permisos ambientales que podr\u00eda conllevar el trazado, pensando en un escenario de ingreso al Sistema de Evaluaci\u00f3n de Impacto Ambiental (SEIA).<br>El informe de Concesiones coincidi\u00f3 con las declaraciones que entreg\u00f3 a Semanario Tiempo el seremi de Obras P\u00fablicas, Javier Sandoval, qui\u00e9n indic\u00f3 que el proceso se encuentra en el desarrollo de la ingenier\u00eda definitiva, adem\u00e1s de los observaciones econ\u00f3micos, ambientales y sociales de la propuesta. \u201cEl desarrollo de la ingenier\u00eda nos va a permitir, a mediados del pr\u00f3ximo a\u00f1o, tomar una decisi\u00f3n\u201d, sostuvo a este medio.<br>\u201cSi es que se da el vamos a la circunvalaci\u00f3n, que es una decisi\u00f3n presidencial, este desv\u00edo est\u00e1 construido a la par de la mejora de la Ruta 5 existente, convirti\u00e9ndola en una ruta urbana\u201d, explic\u00f3.<br>El proceso ha sido largo, puesto que luego de proyectar esa opci\u00f3n, se concretaron distintas instancias de conversaciones con otras autoridades locales, gremios y otros actores de ambas comunas.<br>Preliminarmente, se ha indicado que desarrollar una circunvalaci\u00f3n involucrar\u00eda un ahorro de 40 minutos en los tiempos de viaje entre La Serena y Coquimbo, y traer\u00eda factores positivos como la salida de los camiones del alto tr\u00e1fico de los centros de ambias ciudades, la mayor conexi\u00f3n con los hospitales proyectados para ambas comunas, trasladar el tramo urbano de la principal arteria del pa\u00eds a zona no inundable, incluso no intervenir el Sitio El Olivar.<\/p>\n","protected":false},"excerpt":{"rendered":"<p>De acuerdo a la Direcci\u00f3n General de Concesiones, la sociedad concesionaria Ruta del Elqui S.A. hizo entre de la primera etapa para analizar los permisos ambientales y las expropiaciones previos que podr\u00eda conllevar el trazado que a\u00fan est\u00e1 en evaluaci\u00f3n. Decisi\u00f3n para considerar un bypass como alternativa se mantiene para la segunda mitad del pr\u00f3ximo [&hellip;]<\/p>\n","protected":false},"author":1,"featured_media":10634,"comment_status":"open","ping_status":"open","sticky":false,"template":"","format":"standard","meta":{"tdm_status":"","tdm_grid_status":"","footnotes":"","_wpscppro_dont_share_socialmedia":false,"_wpscppro_custom_social_share_image":0,"_facebook_share_type":"","_twitter_share_type":"","_linkedin_share_type":"","_pinterest_share_type":"","_linkedin_share_type_page":"","_instagram_share_type":"","_medium_share_type":"","_threads_share_type":"","_google_business_share_type":"","_bluesky_share_type":"","_mastodon_share_type":"","_selected_social_profile":[],"_wpsp_enable_custom_social_template":false,"_wpsp_social_scheduling":{"enabled":false,"datetime":null,"platforms":[],"status":"template_only","dateOption":"today","timeOption":"now","customDays":"","customHours":"","customDate":"","customTime":"","schedulingType":"absolute"},"_wpsp_active_default_template":true},"categories":[1],"tags":[8,5],"class_list":["post-10633","post","type-post","status-publish","format-standard","has-post-thumbnail","hentry","category-uncategorized","tag-marketing","tag-website"],"_links":{"self":[{"href":"https:\/\/www.semanariotiempo.cl\/index.php?rest_route=\/wp\/v2\/posts\/10633","targetHints":{"allow":["GET"]}}],"collection":[{"href":"https:\/\/www.semanariotiempo.cl\/index.php?rest_route=\/wp\/v2\/posts"}],"about":[{"href":"https:\/\/www.semanariotiempo.cl\/index.php?rest_route=\/wp\/v2\/types\/post"}],"author":[{"embeddable":true,"href":"https:\/\/www.semanariotiempo.cl\/index.php?rest_route=\/wp\/v2\/users\/1"}],"replies":[{"embeddable":true,"href":"https:\/\/www.semanariotiempo.cl\/index.php?rest_route=%2Fwp%2Fv2%2Fcomments&post=10633"}],"version-history":[{"count":0,"href":"https:\/\/www.semanariotiempo.cl\/index.php?rest_route=\/wp\/v2\/posts\/10633\/revisions"}],"wp:featuredmedia":[{"embeddable":true,"href":"https:\/\/www.semanariotiempo.cl\/index.php?rest_route=\/wp\/v2\/media\/10634"}],"wp:attachment":[{"href":"https:\/\/www.semanariotiempo.cl\/index.php?rest_route=%2Fwp%2Fv2%2Fmedia&parent=10633"}],"wp:term":[{"taxonomy":"category","embeddable":true,"href":"https:\/\/www.semanariotiempo.cl\/index.php?rest_route=%2Fwp%2Fv2%2Fcategories&post=10633"},{"taxonomy":"post_tag","embeddable":true,"href":"https:\/\/www.semanariotiempo.cl\/index.php?rest_route=%2Fwp%2Fv2%2Ftags&post=10633"}],"curies":[{"name":"wp","href":"https:\/\/api.w.org\/{rel}","templated":true}]}}