{"id":10603,"date":"2023-11-08T20:27:42","date_gmt":"2023-11-08T23:27:42","guid":{"rendered":"https:\/\/www.semanariotiempo.cl\/?p=10603"},"modified":"2023-11-08T20:27:44","modified_gmt":"2023-11-08T23:27:44","slug":"agropelo-un-mulch-confeccionado-con-pelo-humano-que-conserva-la-humedad-del-suelo","status":"publish","type":"post","link":"https:\/\/www.semanariotiempo.cl\/?p=10603","title":{"rendered":"\u201cAgropelo\u201d: Un mulch confeccionado con pelo humano que conserva la humedad del suelo"},"content":{"rendered":"\n<h4 class=\"wp-block-heading has-vivid-red-color has-text-color\"><strong>En la 15\u00aa edici\u00f3n de LEGADO by Bayer, 19 proyectos enfocados en salud y alimentaci\u00f3n de Sudam\u00e9rica fueron seleccionados para recibir financiamiento por un total de 304.500 euros. Entre ellos, destacan las iniciativas chilenas \u201cFundaci\u00f3n Matter of Trust\u201d, la cual entrega una soluci\u00f3n a la sequ\u00eda mediante el reciclaje de pelo; y \u201cFundaci\u00f3n Casa Familia\u201d, que pone a disposici\u00f3n centros de acogida y terapias complementarias para menores de edad con c\u00e1ncer y en cuidados paliativos.<\/strong><\/h4>\n\n\n<div class=\"wp-block-image\">\n<figure class=\"aligncenter size-large\"><img loading=\"lazy\" decoding=\"async\" width=\"1024\" height=\"768\" src=\"https:\/\/www.semanariotiempo.cl\/wp-content\/uploads\/2023\/11\/agropelo-0-1024x768.jpg\" alt=\"\" class=\"wp-image-10604\" srcset=\"https:\/\/www.semanariotiempo.cl\/wp-content\/uploads\/2023\/11\/agropelo-0-1024x768.jpg 1024w, https:\/\/www.semanariotiempo.cl\/wp-content\/uploads\/2023\/11\/agropelo-0-300x225.jpg 300w, https:\/\/www.semanariotiempo.cl\/wp-content\/uploads\/2023\/11\/agropelo-0-768x576.jpg 768w, https:\/\/www.semanariotiempo.cl\/wp-content\/uploads\/2023\/11\/agropelo-0-696x522.jpg 696w, https:\/\/www.semanariotiempo.cl\/wp-content\/uploads\/2023\/11\/agropelo-0-1068x801.jpg 1068w, https:\/\/www.semanariotiempo.cl\/wp-content\/uploads\/2023\/11\/agropelo-0-560x420.jpg 560w, https:\/\/www.semanariotiempo.cl\/wp-content\/uploads\/2023\/11\/agropelo-0-80x60.jpg 80w, https:\/\/www.semanariotiempo.cl\/wp-content\/uploads\/2023\/11\/agropelo-0-265x198.jpg 265w, https:\/\/www.semanariotiempo.cl\/wp-content\/uploads\/2023\/11\/agropelo-0.jpg 1200w\" sizes=\"auto, (max-width: 1024px) 100vw, 1024px\" \/><\/figure>\n<\/div>\n\n\n<p class=\"wp-block-paragraph\">Una iniciativa que se encarga de reciclar cabello para transformarlo en productos que den una soluci\u00f3n a la sequ\u00eda y un proyecto que entrega terapias complementarias y proporciona casas de acogidas para ni\u00f1os, ni\u00f1as y adolescentes que sufren c\u00e1ncer infantil, fueron las iniciativas chilenas que se adjudicaron los fondos entregados en la 15\u00aa edici\u00f3n de LEGADO by Bayer, el programa de sustentabilidad social de la empresa en el Cono Sur.<br>Sus caracter\u00edsticas en innovaci\u00f3n, sustentabilidad e impacto social, las llevaron a ser parte de los 19 proyectos ganadores provenientes de Argentina, Bolivia, Paraguay, Uruguay y Chile a los que se les distribuir\u00e1 un fondo total de 304.500 euros para su financiamiento con miras a un futuro sostenible.<br><br>Una de las iniciativas nacionales que resultaron ganadoras fue la Fundaci\u00f3n Matter of Trust Chile, organizaci\u00f3n especialista en innovaci\u00f3n en residuos que se instal\u00f3 en Chile hace tres a\u00f1os de la mano de Mattia Carenini, un joven italiano que, al llegar al pa\u00eds, quiso buscar una forma de descontaminar los mares, lagunas y lagos nacionales. As\u00ed, en su b\u00fasqueda lleg\u00f3 a uno de los m\u00e9todos usados en la Amazonia: el pelo humano.<br>Carenini se puso en contacto con la ONG Matter of Trust, un Hub Eco-Industrial con 25 a\u00f1os de experiencia que se especializa en el reciclaje de cabello humano, logrando que Chile se uniera a los 38 pa\u00edses y 106 iniciativas que son parte de esta red.<br>As\u00ed, mediante una alianza con peluquer\u00edas, el actual director del Hub Global Matter of Trust ha creado diferentes productos de absorci\u00f3n a base de cabello. Entre ellos se encuentra el producto por el cual fue premiado por LEGADO by Bayer: Agropelo. Se trata de un acolchado de pelo humano que fue dise\u00f1ado pensando en la sequ\u00eda que afronta el pa\u00eds y que afecta particularmente a los agricultores. Seg\u00fan explica Carenini, este producto retiene la humedad del suelo, lo cual ayuda a ahorrar hasta un 48% de agua de riego, reducir en un 71% la evaporaci\u00f3n directa y aportar nutrientes como nitr\u00f3geno, calcio y sulfuro al suelo.<br>\u201cSiempre estamos buscando fuentes de financiamiento y al encontrarnos con LEGADO by Bayer, pensamos de inmediato en lo referente que es la empresa en el mundo agro. As\u00ed que postulamos y ahora, gracias a los fondos obtenidos, vamos a poder armar 30 packs de 80 planchas de 30x80cm de Agropelo para ayudar a 30 agricultores que, producto de la sequ\u00eda, est\u00e9n teniendo problemas en sus tierras\u201d, explica Carenini, quien agrega \u201csi bien queremos enfocar nuestra ayuda a las Regiones de Antofagasta, Valpara\u00edso y Coquimbo, que son de las m\u00e1s afectadas por este fen\u00f3meno, el formulario de postulaci\u00f3n estar\u00e1 abierto para todas las regiones de Chile\u201d, explica Carenini.<br>Segundo proyecto ganador<br><br>La segunda iniciativa ganadora es la Fundaci\u00f3n Casa Familia, un proyecto que naci\u00f3 hace 20 a\u00f1os tras la experiencia de la Luis Alberto Gana, quien, al no encontrar un tratamiento apropiado para el c\u00e1ncer de una de sus hijas, decidi\u00f3 viajar junto a su familia a Estados Unidos. En dicho pa\u00eds, debieron afrontar el tener un hijo gravemente enfermo alejados de su red de apoyo.<\/p>\n","protected":false},"excerpt":{"rendered":"<p>En la 15\u00aa edici\u00f3n de LEGADO by Bayer, 19 proyectos enfocados en salud y alimentaci\u00f3n de Sudam\u00e9rica fueron seleccionados para recibir financiamiento por un total de 304.500 euros. Entre ellos, destacan las iniciativas chilenas \u201cFundaci\u00f3n Matter of Trust\u201d, la cual entrega una soluci\u00f3n a la sequ\u00eda mediante el reciclaje de pelo; y \u201cFundaci\u00f3n Casa Familia\u201d, [&hellip;]<\/p>\n","protected":false},"author":1,"featured_media":10604,"comment_status":"open","ping_status":"open","sticky":false,"template":"","format":"standard","meta":{"tdm_status":"","tdm_grid_status":"","footnotes":"","_wpscppro_dont_share_socialmedia":false,"_wpscppro_custom_social_share_image":0,"_facebook_share_type":"","_twitter_share_type":"","_linkedin_share_type":"","_pinterest_share_type":"","_linkedin_share_type_page":"","_instagram_share_type":"","_medium_share_type":"","_threads_share_type":"","_google_business_share_type":"","_bluesky_share_type":"","_mastodon_share_type":"","_selected_social_profile":[],"_wpsp_enable_custom_social_template":false,"_wpsp_social_scheduling":{"enabled":false,"datetime":null,"platforms":[],"status":"template_only","dateOption":"today","timeOption":"now","customDays":"","customHours":"","customDate":"","customTime":"","schedulingType":"absolute"},"_wpsp_active_default_template":true},"categories":[1],"tags":[8,28,7],"class_list":["post-10603","post","type-post","status-publish","format-standard","has-post-thumbnail","hentry","category-uncategorized","tag-marketing","tag-site-tips","tag-wordpress"],"_links":{"self":[{"href":"https:\/\/www.semanariotiempo.cl\/index.php?rest_route=\/wp\/v2\/posts\/10603","targetHints":{"allow":["GET"]}}],"collection":[{"href":"https:\/\/www.semanariotiempo.cl\/index.php?rest_route=\/wp\/v2\/posts"}],"about":[{"href":"https:\/\/www.semanariotiempo.cl\/index.php?rest_route=\/wp\/v2\/types\/post"}],"author":[{"embeddable":true,"href":"https:\/\/www.semanariotiempo.cl\/index.php?rest_route=\/wp\/v2\/users\/1"}],"replies":[{"embeddable":true,"href":"https:\/\/www.semanariotiempo.cl\/index.php?rest_route=%2Fwp%2Fv2%2Fcomments&post=10603"}],"version-history":[{"count":0,"href":"https:\/\/www.semanariotiempo.cl\/index.php?rest_route=\/wp\/v2\/posts\/10603\/revisions"}],"wp:featuredmedia":[{"embeddable":true,"href":"https:\/\/www.semanariotiempo.cl\/index.php?rest_route=\/wp\/v2\/media\/10604"}],"wp:attachment":[{"href":"https:\/\/www.semanariotiempo.cl\/index.php?rest_route=%2Fwp%2Fv2%2Fmedia&parent=10603"}],"wp:term":[{"taxonomy":"category","embeddable":true,"href":"https:\/\/www.semanariotiempo.cl\/index.php?rest_route=%2Fwp%2Fv2%2Fcategories&post=10603"},{"taxonomy":"post_tag","embeddable":true,"href":"https:\/\/www.semanariotiempo.cl\/index.php?rest_route=%2Fwp%2Fv2%2Ftags&post=10603"}],"curies":[{"name":"wp","href":"https:\/\/api.w.org\/{rel}","templated":true}]}}