{"id":10597,"date":"2023-11-08T20:12:38","date_gmt":"2023-11-08T23:12:38","guid":{"rendered":"https:\/\/www.semanariotiempo.cl\/?p=10597"},"modified":"2023-11-08T20:12:40","modified_gmt":"2023-11-08T23:12:40","slug":"organizaciones-sociales-de-atacama-y-coquimbo-ejecutan-proyectos-con-fondo-juntos-somos-comunidad","status":"publish","type":"post","link":"https:\/\/www.semanariotiempo.cl\/?p=10597","title":{"rendered":"Organizaciones sociales de Atacama y Coquimbo ejecutan proyectos con Fondo \u201cJuntos Somos Comunidad\u201d"},"content":{"rendered":"<div class=\"wp-block-image\">\n<figure class=\"aligncenter size-large\"><img loading=\"lazy\" decoding=\"async\" width=\"1024\" height=\"683\" src=\"https:\/\/www.semanariotiempo.cl\/wp-content\/uploads\/2023\/11\/cmp-01-1024x683.jpg\" alt=\"\" class=\"wp-image-10598\" srcset=\"https:\/\/www.semanariotiempo.cl\/wp-content\/uploads\/2023\/11\/cmp-01-1024x683.jpg 1024w, https:\/\/www.semanariotiempo.cl\/wp-content\/uploads\/2023\/11\/cmp-01-300x200.jpg 300w, https:\/\/www.semanariotiempo.cl\/wp-content\/uploads\/2023\/11\/cmp-01-768x512.jpg 768w, https:\/\/www.semanariotiempo.cl\/wp-content\/uploads\/2023\/11\/cmp-01-696x464.jpg 696w, https:\/\/www.semanariotiempo.cl\/wp-content\/uploads\/2023\/11\/cmp-01-1068x712.jpg 1068w, https:\/\/www.semanariotiempo.cl\/wp-content\/uploads\/2023\/11\/cmp-01-630x420.jpg 630w, https:\/\/www.semanariotiempo.cl\/wp-content\/uploads\/2023\/11\/cmp-01.jpg 1200w\" sizes=\"auto, (max-width: 1024px) 100vw, 1024px\" \/><\/figure>\n<\/div>\n\n\n<p class=\"wp-block-paragraph\">Este a\u00f1o, el fondo concursable de Compa\u00f1\u00eda Minera del Pac\u00edfico (CMP) ha entregado $2 millones a 15 organizaciones sociales para ser invertidos en infraestructura, equipamiento y capacitaciones.<br>En un encuentro \u00fanico y enriquecedor, 15 organizaciones comunitarias de las regiones de Atacama y Coquimbo, precisamente de las localidades de Cahiyuyo, Incahuasi, pueblo Romeral, villas Covico, Fedeco y barrio de Guayac\u00e1n, oficializaron la adjudicaci\u00f3n de recursos correspondientes al Fondo \u201cJuntos Somos Comunidad\u201d, entregado por Compa\u00f1\u00eda Minera del Pac\u00edfico (CMP).<br>El fondo, otorgado por la suma de $2 millones, fue entregado para ejecutar proyectos con base en tres l\u00edneas de inversi\u00f3n, dirigidas a infraestructura, equipamiento y capacitaciones en el \u00e1mbito productivo de las organizaciones sociales, con el fin de fortalecer la construcci\u00f3n de su vida comunitaria.<br>Fue as\u00ed como en la sede de la Junta de Vecinos del sector Fedeco de la comuna de Coquimbo, 40 representantes de ambas regiones tuvieron un positivo intercambio de ideas y realidades. \u201cLos dirigentes dialogaron sobre los proyectos, compartiendo sus propias visiones de lo que significa ser dirigente social, comunidad y la relaci\u00f3n muy particular y significativa que tienen con CMP\u201d, se\u00f1al\u00f3 Andr\u00e9s Pizarro, jefe de Gesti\u00f3n Territorial del Valle de Elqui de CMP.<br>A partir de ello, Luisa Villalobos, representante de la comunidad Diaguita de Atacama, Mishqui Guintui, indic\u00f3 que \u201cpoder conocernos todas las personas que representamos a las distintas instituciones relacionadas con CMP fue una excelente actividad. En nuestro caso, hoy estamos utilizando los recursos para comprar el mobiliario para nuestra futura sede y, adem\u00e1s, servir\u00e1 para nuestro proyecto Bordando Ra\u00edces, que es lo que nuestros ancestros hac\u00edan\u201d.<br>Asimismo, para Mar\u00eda Soledad Pereira, presidenta de la Villa San Luis de Coquimbo, el fondo dio respuesta a sus necesidades como agrupaci\u00f3n. \u201cNuestra sede estaba destruida completamente y todas las platas que juntamos fueron ocupadas, por lo que nos faltaba lo principal que era el piso, las ventanas y un ingreso para personas con discapacidad, as\u00ed que esto es maravilloso\u201d, asegur\u00f3.<br>As\u00ed como estas agrupaciones, se espera que todos los proyectos finalicen su ejecuci\u00f3n en noviembre este a\u00f1o, plazo en que las organizaciones sociales deber\u00e1n cerrar su proceso administrativo.<\/p>\n","protected":false},"excerpt":{"rendered":"<p>Este a\u00f1o, el fondo concursable de Compa\u00f1\u00eda Minera del Pac\u00edfico (CMP) ha entregado $2 millones a 15 organizaciones sociales para ser invertidos en infraestructura, equipamiento y capacitaciones.En un encuentro \u00fanico y enriquecedor, 15 organizaciones comunitarias de las regiones de Atacama y Coquimbo, precisamente de las localidades de Cahiyuyo, Incahuasi, pueblo Romeral, villas Covico, Fedeco y [&hellip;]<\/p>\n","protected":false},"author":1,"featured_media":10598,"comment_status":"open","ping_status":"open","sticky":false,"template":"","format":"standard","meta":{"tdm_status":"","tdm_grid_status":"","footnotes":"","_wpscppro_dont_share_socialmedia":false,"_wpscppro_custom_social_share_image":0,"_facebook_share_type":"","_twitter_share_type":"","_linkedin_share_type":"","_pinterest_share_type":"","_linkedin_share_type_page":"","_instagram_share_type":"","_medium_share_type":"","_threads_share_type":"","_google_business_share_type":"","_bluesky_share_type":"","_mastodon_share_type":"","_selected_social_profile":[],"_wpsp_enable_custom_social_template":false,"_wpsp_social_scheduling":{"enabled":false,"datetime":null,"platforms":[],"status":"template_only","dateOption":"today","timeOption":"now","customDays":"","customHours":"","customDate":"","customTime":"","schedulingType":"absolute"},"_wpsp_active_default_template":true},"categories":[1],"tags":[8],"class_list":["post-10597","post","type-post","status-publish","format-standard","has-post-thumbnail","hentry","category-uncategorized","tag-marketing"],"_links":{"self":[{"href":"https:\/\/www.semanariotiempo.cl\/index.php?rest_route=\/wp\/v2\/posts\/10597","targetHints":{"allow":["GET"]}}],"collection":[{"href":"https:\/\/www.semanariotiempo.cl\/index.php?rest_route=\/wp\/v2\/posts"}],"about":[{"href":"https:\/\/www.semanariotiempo.cl\/index.php?rest_route=\/wp\/v2\/types\/post"}],"author":[{"embeddable":true,"href":"https:\/\/www.semanariotiempo.cl\/index.php?rest_route=\/wp\/v2\/users\/1"}],"replies":[{"embeddable":true,"href":"https:\/\/www.semanariotiempo.cl\/index.php?rest_route=%2Fwp%2Fv2%2Fcomments&post=10597"}],"version-history":[{"count":0,"href":"https:\/\/www.semanariotiempo.cl\/index.php?rest_route=\/wp\/v2\/posts\/10597\/revisions"}],"wp:featuredmedia":[{"embeddable":true,"href":"https:\/\/www.semanariotiempo.cl\/index.php?rest_route=\/wp\/v2\/media\/10598"}],"wp:attachment":[{"href":"https:\/\/www.semanariotiempo.cl\/index.php?rest_route=%2Fwp%2Fv2%2Fmedia&parent=10597"}],"wp:term":[{"taxonomy":"category","embeddable":true,"href":"https:\/\/www.semanariotiempo.cl\/index.php?rest_route=%2Fwp%2Fv2%2Fcategories&post=10597"},{"taxonomy":"post_tag","embeddable":true,"href":"https:\/\/www.semanariotiempo.cl\/index.php?rest_route=%2Fwp%2Fv2%2Ftags&post=10597"}],"curies":[{"name":"wp","href":"https:\/\/api.w.org\/{rel}","templated":true}]}}