{"id":10591,"date":"2023-11-08T19:44:04","date_gmt":"2023-11-08T22:44:04","guid":{"rendered":"https:\/\/www.semanariotiempo.cl\/?p=10591"},"modified":"2023-11-08T19:44:21","modified_gmt":"2023-11-08T22:44:21","slug":"como-sera-la-electromovilidad-en-nuestra-zona-26-kilometros-desde-sindempart-a-las-companias","status":"publish","type":"post","link":"https:\/\/www.semanariotiempo.cl\/?p=10591","title":{"rendered":"\u00bfC\u00f3mo ser\u00e1 la electromovilidad en nuestra zona? 26 Kil\u00f3metros: Desde Sindempart a Las Compa\u00f1\u00edas"},"content":{"rendered":"<div class=\"wp-block-image\">\n<figure class=\"aligncenter size-large\"><img loading=\"lazy\" decoding=\"async\" width=\"1024\" height=\"768\" src=\"https:\/\/www.semanariotiempo.cl\/wp-content\/uploads\/2023\/11\/Bus-electrico-1-1024x768.jpg\" alt=\"\" class=\"wp-image-10592\" srcset=\"https:\/\/www.semanariotiempo.cl\/wp-content\/uploads\/2023\/11\/Bus-electrico-1-1024x768.jpg 1024w, https:\/\/www.semanariotiempo.cl\/wp-content\/uploads\/2023\/11\/Bus-electrico-1-300x225.jpg 300w, https:\/\/www.semanariotiempo.cl\/wp-content\/uploads\/2023\/11\/Bus-electrico-1-768x576.jpg 768w, https:\/\/www.semanariotiempo.cl\/wp-content\/uploads\/2023\/11\/Bus-electrico-1-696x522.jpg 696w, https:\/\/www.semanariotiempo.cl\/wp-content\/uploads\/2023\/11\/Bus-electrico-1-1068x801.jpg 1068w, https:\/\/www.semanariotiempo.cl\/wp-content\/uploads\/2023\/11\/Bus-electrico-1-560x420.jpg 560w, https:\/\/www.semanariotiempo.cl\/wp-content\/uploads\/2023\/11\/Bus-electrico-1-80x60.jpg 80w, https:\/\/www.semanariotiempo.cl\/wp-content\/uploads\/2023\/11\/Bus-electrico-1-265x198.jpg 265w, https:\/\/www.semanariotiempo.cl\/wp-content\/uploads\/2023\/11\/Bus-electrico-1.jpg 1200w\" sizes=\"auto, (max-width: 1024px) 100vw, 1024px\" \/><\/figure>\n<\/div>\n\n\n<p class=\"wp-block-paragraph\">En septiembre de este a\u00f1o, se realiz\u00f3 la apertura de las ofertas t\u00e9cnicas y econ\u00f3micas para la implementaci\u00f3n de 42 buses el\u00e9ctricos que recorrer\u00e1n La Serena y Coquimbo, donde se presentaron siete empresas, entre ellas Liserco.<br>Los dem\u00e1s oferentes fueron Green Energy Transport Latin American SPA; Llanquihue SPA; RBU Regional SPA; Transportes El\u00e9ctricos Chile SPA; Transportes Fichtur Limitada y Electromovilidad Green DAV SPA, sin embargo, las \u00faltimas tres fueron desestimadas, seg\u00fan consta en el acta de la evaluaci\u00f3n del proceso.<br>En resumen, los servicios que contempla el proyecto van desde el sector Sindempart hasta la Compa\u00f1\u00eda Alta y el otro desde El Llano hasta Compa\u00f1\u00eda Baja, de Coquimbo y La Serena, respectivamente. \u00c9stos difieren en sus trazados y su origen-destino, abarcando distintos puntos de la conurbaci\u00f3n, pues el servicio a la Compa\u00f1\u00eda Alta ser\u00e1 mediante una longitud de 26 kil\u00f3metros de ida y 25 kil\u00f3metros de regreso aproximadamente, y para el caso de la Compa\u00f1\u00eda Baja, contempla un recorrido de 22 kil\u00f3metros de regreso aproximadamente.<br>La flota est\u00e1 compuesta por buses el\u00e9ctricos de entre 8 y 10,5 metros de largo, con entrada baja (acceso universal), puertos USB, WIFI y aire acondicionado, es decir est\u00e1ndar Red. Transitar\u00e1n de lunes a domingo, con casi 82 salidas en d\u00eda laboral por cada servicio, con una frecuencia m\u00e1xima en puntas de 6 buses por hora.<br>Para el primer semestre del pr\u00f3ximo a\u00f1o, el Ministerio de Transportes podr\u00eda abrir el concurso p\u00fablico para la licitaci\u00f3n de recorridos en la ciudad de Ovalle, la tercera comuna con mayor poblaci\u00f3n en la regi\u00f3n de Coquimbo (luego de Coquimbo y La Serena), despu\u00e9s de un proceso de consultas y participaci\u00f3n ciudadana donde se expuso los alcances de esta iniciativa.<\/p>\n","protected":false},"excerpt":{"rendered":"<p>En septiembre de este a\u00f1o, se realiz\u00f3 la apertura de las ofertas t\u00e9cnicas y econ\u00f3micas para la implementaci\u00f3n de 42 buses el\u00e9ctricos que recorrer\u00e1n La Serena y Coquimbo, donde se presentaron siete empresas, entre ellas Liserco.Los dem\u00e1s oferentes fueron Green Energy Transport Latin American SPA; Llanquihue SPA; RBU Regional SPA; Transportes El\u00e9ctricos Chile SPA; Transportes [&hellip;]<\/p>\n","protected":false},"author":1,"featured_media":10592,"comment_status":"open","ping_status":"open","sticky":false,"template":"","format":"standard","meta":{"tdm_status":"","tdm_grid_status":"","footnotes":"","_wpscppro_dont_share_socialmedia":false,"_wpscppro_custom_social_share_image":0,"_facebook_share_type":"","_twitter_share_type":"","_linkedin_share_type":"","_pinterest_share_type":"","_linkedin_share_type_page":"","_instagram_share_type":"","_medium_share_type":"","_threads_share_type":"","_google_business_share_type":"","_bluesky_share_type":"","_mastodon_share_type":"","_selected_social_profile":[],"_wpsp_enable_custom_social_template":false,"_wpsp_social_scheduling":{"enabled":false,"datetime":null,"platforms":[],"status":"template_only","dateOption":"today","timeOption":"now","customDays":"","customHours":"","customDate":"","customTime":"","schedulingType":"absolute"},"_wpsp_active_default_template":true},"categories":[1],"tags":[8,28],"class_list":["post-10591","post","type-post","status-publish","format-standard","has-post-thumbnail","hentry","category-uncategorized","tag-marketing","tag-site-tips"],"_links":{"self":[{"href":"https:\/\/www.semanariotiempo.cl\/index.php?rest_route=\/wp\/v2\/posts\/10591","targetHints":{"allow":["GET"]}}],"collection":[{"href":"https:\/\/www.semanariotiempo.cl\/index.php?rest_route=\/wp\/v2\/posts"}],"about":[{"href":"https:\/\/www.semanariotiempo.cl\/index.php?rest_route=\/wp\/v2\/types\/post"}],"author":[{"embeddable":true,"href":"https:\/\/www.semanariotiempo.cl\/index.php?rest_route=\/wp\/v2\/users\/1"}],"replies":[{"embeddable":true,"href":"https:\/\/www.semanariotiempo.cl\/index.php?rest_route=%2Fwp%2Fv2%2Fcomments&post=10591"}],"version-history":[{"count":0,"href":"https:\/\/www.semanariotiempo.cl\/index.php?rest_route=\/wp\/v2\/posts\/10591\/revisions"}],"wp:featuredmedia":[{"embeddable":true,"href":"https:\/\/www.semanariotiempo.cl\/index.php?rest_route=\/wp\/v2\/media\/10592"}],"wp:attachment":[{"href":"https:\/\/www.semanariotiempo.cl\/index.php?rest_route=%2Fwp%2Fv2%2Fmedia&parent=10591"}],"wp:term":[{"taxonomy":"category","embeddable":true,"href":"https:\/\/www.semanariotiempo.cl\/index.php?rest_route=%2Fwp%2Fv2%2Fcategories&post=10591"},{"taxonomy":"post_tag","embeddable":true,"href":"https:\/\/www.semanariotiempo.cl\/index.php?rest_route=%2Fwp%2Fv2%2Ftags&post=10591"}],"curies":[{"name":"wp","href":"https:\/\/api.w.org\/{rel}","templated":true}]}}