{"id":10588,"date":"2023-11-07T20:17:26","date_gmt":"2023-11-07T23:17:26","guid":{"rendered":"https:\/\/www.semanariotiempo.cl\/?p=10588"},"modified":"2023-11-07T20:17:30","modified_gmt":"2023-11-07T23:17:30","slug":"seleccionan-11-nuevos-proyectos-habitacionales-con-integracion-social-en-la-region-con-una-inversion-cercana-a-los-43-mil-millones-de-pesos","status":"publish","type":"post","link":"https:\/\/www.semanariotiempo.cl\/?p=10588","title":{"rendered":"Seleccionan 11 nuevos proyectos habitacionales con Integraci\u00f3n Social en la regi\u00f3n con una inversi\u00f3n cercana a los 43 mil millones de pesos"},"content":{"rendered":"\n<h4 class=\"wp-block-heading has-vivid-red-color has-text-color\"><strong>Condominios ubicados en La Serena, Coquimbo, Ovalle y Vicu\u00f1a permitir\u00e1n construir 1944 soluciones habitacionales donde 492 viviendas est\u00e1n reservadas por el Ministerio de Vivienda y Urbanismo para familias de sectores vulnerables.<\/strong><\/h4>\n\n\n<div class=\"wp-block-image\">\n<figure class=\"aligncenter size-large\"><img loading=\"lazy\" decoding=\"async\" width=\"1024\" height=\"768\" src=\"https:\/\/www.semanariotiempo.cl\/wp-content\/uploads\/2023\/11\/Lanzamiento-DS19-2023-1-1024x768.jpg\" alt=\"\" class=\"wp-image-10589\" srcset=\"https:\/\/www.semanariotiempo.cl\/wp-content\/uploads\/2023\/11\/Lanzamiento-DS19-2023-1-1024x768.jpg 1024w, https:\/\/www.semanariotiempo.cl\/wp-content\/uploads\/2023\/11\/Lanzamiento-DS19-2023-1-300x225.jpg 300w, https:\/\/www.semanariotiempo.cl\/wp-content\/uploads\/2023\/11\/Lanzamiento-DS19-2023-1-768x576.jpg 768w, https:\/\/www.semanariotiempo.cl\/wp-content\/uploads\/2023\/11\/Lanzamiento-DS19-2023-1-696x522.jpg 696w, https:\/\/www.semanariotiempo.cl\/wp-content\/uploads\/2023\/11\/Lanzamiento-DS19-2023-1-1068x801.jpg 1068w, https:\/\/www.semanariotiempo.cl\/wp-content\/uploads\/2023\/11\/Lanzamiento-DS19-2023-1-560x420.jpg 560w, https:\/\/www.semanariotiempo.cl\/wp-content\/uploads\/2023\/11\/Lanzamiento-DS19-2023-1-80x60.jpg 80w, https:\/\/www.semanariotiempo.cl\/wp-content\/uploads\/2023\/11\/Lanzamiento-DS19-2023-1-265x198.jpg 265w, https:\/\/www.semanariotiempo.cl\/wp-content\/uploads\/2023\/11\/Lanzamiento-DS19-2023-1.jpg 1200w\" sizes=\"auto, (max-width: 1024px) 100vw, 1024px\" \/><\/figure>\n<\/div>\n\n\n<p class=\"wp-block-paragraph\">Con una visita de obras al proyecto habitacional Distrito Brillador de Inmobiliaria Serena en La Serena, se realiz\u00f3 el lanzamiento de la selecci\u00f3n de proyectos habitacionales del Programa de Integraci\u00f3n Social y Territorial del Ministerio de Vivienda y Urbanismo, conocido como Subsidio DS19.<br>En total fueron 11 los proyectos seleccionados, siendo 4en Coquimbo, 4 en La Serena, 1 en Ovalle y 1 en Vicu\u00f1a, que en total completan 1.944 soluciones habitacionales, siendo 492 viviendas familias de menores ingresos y sectores vulnerables.<br>Estos 11 proyectos seleccionados generar\u00e1n una inversi\u00f3n cercana a los 43 mil 500 millones de pesos por parte del Minvu. Para comparar la inversi\u00f3n es 1,2 veces la meta de la Telet\u00f3n 2023, solo para la regi\u00f3n de Coquimbo.<br>El lanzamiento encabezado por el Delegado Presidencial Regional (s), Galo Luna, el Seremi de Vivienda y Urbanismo, Jos\u00e9 Manuel Peralta, el Director de Serviu, \u00c1ngelo Monta\u00f1o, el Diputado Marco Sulantay, el Presidente de la C\u00e1mara Chilena de la Construcci\u00f3n La Serena, Felipe P\u00e1ez, adem\u00e1s de los concejales de La Serena, Rayen Pojomovsky y Cristian Mar\u00edn.<br><br>Para el Delegado Presidencial Regional (s), Galo Luna, esta selecci\u00f3n \u201ces un importante anuncio, son 11 nuevos proyectos de DS19 para la regi\u00f3n, 9 de ellos se han adjudicado a empresas locales, as\u00ed que estamos muy contentos porque adem\u00e1s con estos nuevos proyectos se proyecta una cantidad importante de empleo. Este es un programa muy interesante porque genera integraci\u00f3n. Como gobierno del Presidente Boric estamos impulsando con fuerza el Plan de Emergencia Habitacional porque tenemos una emergencia real en nuestro pa\u00eds de necesidad de habitaci\u00f3n, pero tambi\u00e9n es un compromiso con generar real integraci\u00f3n. Yo creo que estos proyectos lo logran, hemos visto en el recorrido, el est\u00e1ndar es alt\u00edsimo, no hay nada que envidiar entre una vivienda y la otra y yo creo que eso nos da confianza para seguir trabajando, apostando a este tipo de subsidios. Por supuesto felicitar tambi\u00e9n a las empresas locales que est\u00e1n concluyendo estos sue\u00f1os para muchas familias de la regi\u00f3n y esperemos que se sigan ampliando en lo que queda este periodo, que tal como lo hemos planteado responsablemente vamos a alcanzar la meta planteada por el Presidente y superarla\u201d.<br><br>Mientras que, para el Seremi de Vivienda y Urbanismo, Jos\u00e9 Manuel Peralta, el lanzamiento de la selecci\u00f3n 2023 de los proyectos DS19 en la regi\u00f3n de Coquimbo es importante ya que acerca m\u00e1s el objetivo de superar con creces la meta del Plan Emergencia Habitacional.<br>\u201cEstamos construyendo cambios a 1.944 familias, y eso es muy significativo, que equivale al 15% de nuestra meta presidencial aqu\u00ed en la regi\u00f3n de Coquimbo, con una inversi\u00f3n equivalente a una telet\u00f3n o dos estadios La Portada. Y lo significante y lo relevante es que, en un entorno de alta calidad, con espacios p\u00fablicos, no hay diferencias sociales en los distintos segmentos de la poblaci\u00f3n que aqu\u00ed iba a vivir, por lo tanto, aqu\u00ed estamos haciendo integraci\u00f3n social con familias que van a poder tener acceso a espacios p\u00fablicos de alto est\u00e1ndar. Pero tambi\u00e9n a muy buena conectividad, equipamiento, servicios, y en ese contexto estamos tambi\u00e9n a la vez construyendo mejor ciudad, as\u00ed que nosotros estamos muy contentos que hay una muy buena alianza con el mundo privado, con los municipios, con los parlamentarios, con la ciudadan\u00eda para sacar adelante el Plan de Emergencia Habitacional\u201d, afirm\u00f3 el Seremi de Vivienda y Urbanismo.<br>Inversiones que van en directo beneficio de las familias de la regi\u00f3n y tambi\u00e9n al rubro de la construcci\u00f3n, ya que la inversi\u00f3n de m\u00e1s de 43,5 mil millones de pesos impacta positivamente en el rubro y tambi\u00e9n en la empleabilidad, generando cerca de 1540 empleos directos en el peak de la construcci\u00f3n de estos 11 proyectos.<br>\u201cContentos como gremio de participar de este lanzamiento y de entregar esta buena noticia junto a las autoridades, ya que estos 11 proyectos habitacionales de integraci\u00f3n social seleccionados permitir\u00e1n entregar 1.944 viviendas a las familias de nuestra regi\u00f3n y con ello, contribuimos a seguir disminuyendo el d\u00e9ficit habitacional de esta zona, que como sabemos es alto. Y como impacto directo a la reactivaci\u00f3n de la industria y de la econom\u00eda regional, estas obras proyectan generar cerca de 3.000 puestos laborales, lo que consideramos un aporte importante para mover la aguja del desempleo local, el que lamentablemente se sit\u00faa en el m\u00e1s alto del pa\u00eds. As\u00ed tambi\u00e9n, nos alegra saber que, de los 11 proyectos seleccionados, 9 son de empresas socias de nuestro gremio. Sin duda, todo esto es un gran desaf\u00edo por el que nos sentimos comprometidos y por el que seguiremos trabajando colaborativamente por un mejor bienestar de nuestros habitantes\u201d, sostuvo el Presidente de la C\u00e1mara Chilena de la Construcci\u00f3n La Serena, Felipe P\u00e1ez Schmidt.<br><br>Una de las empresas que se adjudic\u00f3 proyectos en la selecci\u00f3n 2023 fue Inmobiliaria Serena que seguir\u00e1 estando presente en el Programa de Integraci\u00f3n Social y Territorial. \u201cLa verdad es que estamos muy contentos de ser parte de este programa y el habernos adjudicado estos 5 proyectos adicionales, creo que es un premio al buen trabajo que hemos realizado como empresa, como empresa regional Inmobiliaria Serena, la verdad es que hacemos un trabajo muy dedicado y ojal\u00e1 la verdad que estos programas se sigan desarrollando, es un beneficio s\u00faper bueno para la gente\u201d, finaliz\u00f3 Fernanda Gonz\u00e1lez, Gerente de Experiencia de Compra de Inmobiliaria Serena.<\/p>\n\n\n\n<p class=\"wp-block-paragraph\">Cabe recordar que actualmente el Plan de Emergencia Habitacional ha entregado 4.928 viviendas \u2013al mes de octubre- y marcha en un 39% en la regi\u00f3n de Coquimbo donde la meta son 12.490 viviendas. Y esta selecci\u00f3n de 1944 nuevas viviendas significar\u00e1 sumar m\u00e1s de un 15% de la meta final asegurando superar el objetivo de este plan de Gobierno.<\/p>\n","protected":false},"excerpt":{"rendered":"<p>Condominios ubicados en La Serena, Coquimbo, Ovalle y Vicu\u00f1a permitir\u00e1n construir 1944 soluciones habitacionales donde 492 viviendas est\u00e1n reservadas por el Ministerio de Vivienda y Urbanismo para familias de sectores vulnerables. Con una visita de obras al proyecto habitacional Distrito Brillador de Inmobiliaria Serena en La Serena, se realiz\u00f3 el lanzamiento de la selecci\u00f3n de [&hellip;]<\/p>\n","protected":false},"author":1,"featured_media":10589,"comment_status":"open","ping_status":"open","sticky":false,"template":"","format":"standard","meta":{"tdm_status":"","tdm_grid_status":"","footnotes":"","_wpscppro_dont_share_socialmedia":false,"_wpscppro_custom_social_share_image":0,"_facebook_share_type":"","_twitter_share_type":"","_linkedin_share_type":"","_pinterest_share_type":"","_linkedin_share_type_page":"","_instagram_share_type":"","_medium_share_type":"","_threads_share_type":"","_google_business_share_type":"","_bluesky_share_type":"","_mastodon_share_type":"","_selected_social_profile":[],"_wpsp_enable_custom_social_template":false,"_wpsp_social_scheduling":{"enabled":false,"datetime":null,"platforms":[],"status":"template_only","dateOption":"today","timeOption":"now","customDays":"","customHours":"","customDate":"","customTime":"","schedulingType":"absolute"},"_wpsp_active_default_template":true},"categories":[1],"tags":[8,28,5],"class_list":["post-10588","post","type-post","status-publish","format-standard","has-post-thumbnail","hentry","category-uncategorized","tag-marketing","tag-site-tips","tag-website"],"_links":{"self":[{"href":"https:\/\/www.semanariotiempo.cl\/index.php?rest_route=\/wp\/v2\/posts\/10588","targetHints":{"allow":["GET"]}}],"collection":[{"href":"https:\/\/www.semanariotiempo.cl\/index.php?rest_route=\/wp\/v2\/posts"}],"about":[{"href":"https:\/\/www.semanariotiempo.cl\/index.php?rest_route=\/wp\/v2\/types\/post"}],"author":[{"embeddable":true,"href":"https:\/\/www.semanariotiempo.cl\/index.php?rest_route=\/wp\/v2\/users\/1"}],"replies":[{"embeddable":true,"href":"https:\/\/www.semanariotiempo.cl\/index.php?rest_route=%2Fwp%2Fv2%2Fcomments&post=10588"}],"version-history":[{"count":0,"href":"https:\/\/www.semanariotiempo.cl\/index.php?rest_route=\/wp\/v2\/posts\/10588\/revisions"}],"wp:featuredmedia":[{"embeddable":true,"href":"https:\/\/www.semanariotiempo.cl\/index.php?rest_route=\/wp\/v2\/media\/10589"}],"wp:attachment":[{"href":"https:\/\/www.semanariotiempo.cl\/index.php?rest_route=%2Fwp%2Fv2%2Fmedia&parent=10588"}],"wp:term":[{"taxonomy":"category","embeddable":true,"href":"https:\/\/www.semanariotiempo.cl\/index.php?rest_route=%2Fwp%2Fv2%2Fcategories&post=10588"},{"taxonomy":"post_tag","embeddable":true,"href":"https:\/\/www.semanariotiempo.cl\/index.php?rest_route=%2Fwp%2Fv2%2Ftags&post=10588"}],"curies":[{"name":"wp","href":"https:\/\/api.w.org\/{rel}","templated":true}]}}