{"id":10582,"date":"2023-11-07T20:03:24","date_gmt":"2023-11-07T23:03:24","guid":{"rendered":"https:\/\/www.semanariotiempo.cl\/?p=10582"},"modified":"2023-11-07T20:03:26","modified_gmt":"2023-11-07T23:03:26","slug":"senador-matias-walker-y-proceso-constitucional-habia-partido-bien-y-despues-se-desvirtuo","status":"publish","type":"post","link":"https:\/\/www.semanariotiempo.cl\/?p=10582","title":{"rendered":"Senador Mat\u00edas Walker y proceso constitucional: \u201cHab\u00eda partido bien y despu\u00e9s se desvirtu\u00f3\u201d"},"content":{"rendered":"\n<h3 class=\"wp-block-heading has-vivid-red-color has-text-color\"><strong>Parlamentario hizo declaraciones en entrevista con periodista Sergio Campos para TV del senado.<\/strong><\/h3>\n\n\n<div class=\"wp-block-image\">\n<figure class=\"aligncenter size-full\"><img loading=\"lazy\" decoding=\"async\" width=\"541\" height=\"319\" src=\"https:\/\/www.semanariotiempo.cl\/wp-content\/uploads\/2023\/11\/walker.jpg\" alt=\"\" class=\"wp-image-10583\" srcset=\"https:\/\/www.semanariotiempo.cl\/wp-content\/uploads\/2023\/11\/walker.jpg 541w, https:\/\/www.semanariotiempo.cl\/wp-content\/uploads\/2023\/11\/walker-300x177.jpg 300w\" sizes=\"auto, (max-width: 541px) 100vw, 541px\" \/><\/figure>\n<\/div>\n\n\n<p class=\"wp-block-paragraph\">El parlamentario de Dem\u00f3cratas sostuvo que hubo una mala lectura del partido Republicano, de las mayor\u00edas en este segundo proceso y que, desde la izquierda, varios \u201ctiraron la toalla\u201d. Sobre los desaf\u00edos de su nuevo partido, apunt\u00f3 a una coalici\u00f3n de centro, citando posibles aliados.<br>El senador Mat\u00edas Walker (Dem\u00f3cratas) dijo creer que el colectivo republicano no hizo una lectura correcta de este segundo proceso constitucional y como contraparte, desde la izquierda \u201ctiraron la toalla\u201d ante la imposibilidad de acuerdos.<br>\u201cCreo que hab\u00eda partido bien este proceso; con el acuerdo por Chile, con las doce bases del proceso constitucional. Despu\u00e9s los expertos acordaron un anteproyecto, todos desde Republicanos hasta el partido Comunista (\u2026) y eso de alguna manera, despu\u00e9s se desvirtu\u00f3\u201d, indic\u00f3 el parlamentario en Profundidad de Campos de TV Senado.<br>\u201cLos republicanos han hecho una mala interpretaci\u00f3n de su propia votaci\u00f3n. Les est\u00e1 pasando lo mismo que a la Democracia Cristiana en los a\u00f1os noventa, que no supo qu\u00e9 hacer con tantos votos que ten\u00edan. No han entendido bien que sus votos no tienen que ver con el aborto o el derecho de los padres a educar a los hijos, sino con temas de seguridad. Y sin tener grandes propuestas en seguridad, supieron comunicacionalmente interpretar bien ese anhelo de la gente\u201d, agreg\u00f3.<br>Para Walker, el partido Republicano se equivoc\u00f3 al generar debates en lo val\u00f3rico donde pese a la labor de los expertos y el aporte de Chile Vamos, \u201cla izquierda no estuvo dispuesta a mejorar esa redacci\u00f3n (\u2026) Creo que ah\u00ed falt\u00f3 m\u00e1s voluntad de di\u00e1logo, de acuerdo\u201d, describi\u00f3.<br>\u201cComo dijo la presidenta Bachelet, no hay que tirar la toalla. Siento que algunos de la izquierda ya tiraron la toalla\u201d, a\u00f1adi\u00f3 aludiendo tambi\u00e9n al trabajo de la comisi\u00f3n mixta que pudo dar paso a una nueva intervenci\u00f3n de los expertos pero que, sin embargo, este lunes cerr\u00f3 definitivamente el trabajo en torno al texto que ahora ser\u00e1 presentado ante el Presidente Gabriel Boric el pr\u00f3ximo martes.<\/p>\n","protected":false},"excerpt":{"rendered":"<p>Parlamentario hizo declaraciones en entrevista con periodista Sergio Campos para TV del senado. El parlamentario de Dem\u00f3cratas sostuvo que hubo una mala lectura del partido Republicano, de las mayor\u00edas en este segundo proceso y que, desde la izquierda, varios \u201ctiraron la toalla\u201d. Sobre los desaf\u00edos de su nuevo partido, apunt\u00f3 a una coalici\u00f3n de centro, [&hellip;]<\/p>\n","protected":false},"author":1,"featured_media":10583,"comment_status":"open","ping_status":"open","sticky":false,"template":"","format":"standard","meta":{"tdm_status":"","tdm_grid_status":"","footnotes":"","_wpscppro_dont_share_socialmedia":false,"_wpscppro_custom_social_share_image":0,"_facebook_share_type":"","_twitter_share_type":"","_linkedin_share_type":"","_pinterest_share_type":"","_linkedin_share_type_page":"","_instagram_share_type":"","_medium_share_type":"","_threads_share_type":"","_google_business_share_type":"","_bluesky_share_type":"","_mastodon_share_type":"","_selected_social_profile":[],"_wpsp_enable_custom_social_template":false,"_wpsp_social_scheduling":{"enabled":false,"datetime":null,"platforms":[],"status":"template_only","dateOption":"today","timeOption":"now","customDays":"","customHours":"","customDate":"","customTime":"","schedulingType":"absolute"},"_wpsp_active_default_template":true},"categories":[1],"tags":[],"class_list":["post-10582","post","type-post","status-publish","format-standard","has-post-thumbnail","hentry","category-uncategorized"],"_links":{"self":[{"href":"https:\/\/www.semanariotiempo.cl\/index.php?rest_route=\/wp\/v2\/posts\/10582","targetHints":{"allow":["GET"]}}],"collection":[{"href":"https:\/\/www.semanariotiempo.cl\/index.php?rest_route=\/wp\/v2\/posts"}],"about":[{"href":"https:\/\/www.semanariotiempo.cl\/index.php?rest_route=\/wp\/v2\/types\/post"}],"author":[{"embeddable":true,"href":"https:\/\/www.semanariotiempo.cl\/index.php?rest_route=\/wp\/v2\/users\/1"}],"replies":[{"embeddable":true,"href":"https:\/\/www.semanariotiempo.cl\/index.php?rest_route=%2Fwp%2Fv2%2Fcomments&post=10582"}],"version-history":[{"count":0,"href":"https:\/\/www.semanariotiempo.cl\/index.php?rest_route=\/wp\/v2\/posts\/10582\/revisions"}],"wp:featuredmedia":[{"embeddable":true,"href":"https:\/\/www.semanariotiempo.cl\/index.php?rest_route=\/wp\/v2\/media\/10583"}],"wp:attachment":[{"href":"https:\/\/www.semanariotiempo.cl\/index.php?rest_route=%2Fwp%2Fv2%2Fmedia&parent=10582"}],"wp:term":[{"taxonomy":"category","embeddable":true,"href":"https:\/\/www.semanariotiempo.cl\/index.php?rest_route=%2Fwp%2Fv2%2Fcategories&post=10582"},{"taxonomy":"post_tag","embeddable":true,"href":"https:\/\/www.semanariotiempo.cl\/index.php?rest_route=%2Fwp%2Fv2%2Ftags&post=10582"}],"curies":[{"name":"wp","href":"https:\/\/api.w.org\/{rel}","templated":true}]}}