{"id":10570,"date":"2023-11-06T21:01:57","date_gmt":"2023-11-07T00:01:57","guid":{"rendered":"https:\/\/www.semanariotiempo.cl\/?p=10570"},"modified":"2023-11-06T21:02:00","modified_gmt":"2023-11-07T00:02:00","slug":"mas-de-8-mil-millones-invertira-el-gobierno-regional-para-recuperar-espacios-publicos-en-la-serena","status":"publish","type":"post","link":"https:\/\/www.semanariotiempo.cl\/?p=10570","title":{"rendered":"M\u00e1s de $8 mil millones invertir\u00e1 el Gobierno Regional para recuperar espacios p\u00fablicos en La Serena"},"content":{"rendered":"\n<h4 class=\"wp-block-heading has-vivid-red-color has-text-color\"><strong>La iniciativa forma parte de una cartera de 4 iniciativas priorizadas por la Gobernadora Krist Naranjo, con una inversi\u00f3n total superior a los $17 mil millones, y que considera tambi\u00e9n la compra de maquinarias para retiro de microbasurales y residuos y el dise\u00f1o para construcci\u00f3n de obras de urbanizaci\u00f3n en las localidades de Gabriela Mistral y el Rosario, ambas en la comuna de La Serena.<\/strong><\/h4>\n\n\n<div class=\"wp-block-image\">\n<figure class=\"aligncenter size-full\"><img loading=\"lazy\" decoding=\"async\" width=\"1024\" height=\"772\" src=\"https:\/\/www.semanariotiempo.cl\/wp-content\/uploads\/2023\/11\/el-faro.jpg\" alt=\"\" class=\"wp-image-10571\" srcset=\"https:\/\/www.semanariotiempo.cl\/wp-content\/uploads\/2023\/11\/el-faro.jpg 1024w, https:\/\/www.semanariotiempo.cl\/wp-content\/uploads\/2023\/11\/el-faro-300x226.jpg 300w, https:\/\/www.semanariotiempo.cl\/wp-content\/uploads\/2023\/11\/el-faro-768x579.jpg 768w, https:\/\/www.semanariotiempo.cl\/wp-content\/uploads\/2023\/11\/el-faro-696x525.jpg 696w, https:\/\/www.semanariotiempo.cl\/wp-content\/uploads\/2023\/11\/el-faro-557x420.jpg 557w, https:\/\/www.semanariotiempo.cl\/wp-content\/uploads\/2023\/11\/el-faro-80x60.jpg 80w\" sizes=\"auto, (max-width: 1024px) 100vw, 1024px\" \/><\/figure>\n<\/div>\n\n\n<p class=\"wp-block-paragraph\">Con el fin de recuperar espacios p\u00fablicos y mejorar la calidad de vida de los habitantes de La Serena, el Consejo Regional de Coquimbo aprob\u00f3 la iniciativa de mejoramiento del paseo peatonal Avenida Francisco de Aguirre &#8211; Ruta 5. El ejecutivo solicit\u00f3 ratificar la priorizaci\u00f3n de esta iniciativa, y cuya una inversi\u00f3n supera los $8.700 millones.<br>Se trata de una cartera de 4 iniciativas presentadas al cuerpo colegiado, considerando, adem\u00e1s, la adquisici\u00f3n de veh\u00edculos y maquinarias para retiro de microbasurales y residuos en la Serena ($649 millones); la construcci\u00f3n de obras de Urbanizaci\u00f3n para las localidades de Gabriela Mistral y el Rosario, tambi\u00e9n en la capital regional ($289 millones); Obras de urbanizaci\u00f3n en la localidad de Las Ramadas, en Punitaqui ($7.980 millones).<br>La ejecuci\u00f3n de la iniciativa est\u00e1 proyectada para 20 meses y considera el mejoramiento en el paseo peatonal, en el tramo Ruta 5 &#8211; El Faro, incluyendo los cruces vehiculares.<br>El consejero por Elqui y vicepresidente de R\u00e9gimen Interno, Francisco Mart\u00ednez, agreg\u00f3 que \u201ceste es un proyecto anhelado por las y los ciudadanos, en recuperaci\u00f3n e los espacios verdes, con instalaci\u00f3n de \u00e1reas deportivas y estamos muy contentos con estos m\u00e1s de $8.700 millones que van a ser invertidos en la recuperaci\u00f3n de este espacio, que esper\u00e1bamos con tanta ansia en La Serena. As\u00ed que, estamos muy agradecidos de los profesionales del Gobierno Regional y del Consejo Regional por esta aprobaci\u00f3n\u201d.<br>Entre los detalles del mejoramiento, se consideran pavimentos en balsosas para tr\u00e1nsito peatonal; la instalaci\u00f3n de 239 luminarias; pedestales para los bustos existentes en la Plaza de Los Poetas; 12.120 metros cuadrados de \u00e1reas verdes; y mobiliario in situ, como bancas, basureros, bebederos, m\u00e1quinas de ejercicios, y juegos, algunos de ellos con caracter\u00edsticas inclusivas.<br>Adem\u00e1s, se considera la instalaci\u00f3n de seis c\u00e1maras de televigilancia y el levantamiento de todas las calzadas en los cruces de la Avenida Francisco de Aguirre, privilegiando el paso del peat\u00f3n. Frente a la vivienda que fue de Gabriela Mistral, se considera levantar la calzada a nivel del paseo, integr\u00e1ndola al espacio p\u00fablico a fin de construir un \u00e1rea para albergar distintas manifestaciones culturales y sociales que se puedan realizar entorno a la casa.<\/p>\n","protected":false},"excerpt":{"rendered":"<p>La iniciativa forma parte de una cartera de 4 iniciativas priorizadas por la Gobernadora Krist Naranjo, con una inversi\u00f3n total superior a los $17 mil millones, y que considera tambi\u00e9n la compra de maquinarias para retiro de microbasurales y residuos y el dise\u00f1o para construcci\u00f3n de obras de urbanizaci\u00f3n en las localidades de Gabriela Mistral [&hellip;]<\/p>\n","protected":false},"author":1,"featured_media":10571,"comment_status":"open","ping_status":"open","sticky":false,"template":"","format":"standard","meta":{"tdm_status":"","tdm_grid_status":"","footnotes":"","_wpscppro_dont_share_socialmedia":false,"_wpscppro_custom_social_share_image":0,"_facebook_share_type":"","_twitter_share_type":"","_linkedin_share_type":"","_pinterest_share_type":"","_linkedin_share_type_page":"","_instagram_share_type":"","_medium_share_type":"","_threads_share_type":"","_google_business_share_type":"","_bluesky_share_type":"","_mastodon_share_type":"","_selected_social_profile":[],"_wpsp_enable_custom_social_template":false,"_wpsp_social_scheduling":{"enabled":false,"datetime":null,"platforms":[],"status":"template_only","dateOption":"today","timeOption":"now","customDays":"","customHours":"","customDate":"","customTime":"","schedulingType":"absolute"},"_wpsp_active_default_template":true},"categories":[1],"tags":[8,28],"class_list":["post-10570","post","type-post","status-publish","format-standard","has-post-thumbnail","hentry","category-uncategorized","tag-marketing","tag-site-tips"],"_links":{"self":[{"href":"https:\/\/www.semanariotiempo.cl\/index.php?rest_route=\/wp\/v2\/posts\/10570","targetHints":{"allow":["GET"]}}],"collection":[{"href":"https:\/\/www.semanariotiempo.cl\/index.php?rest_route=\/wp\/v2\/posts"}],"about":[{"href":"https:\/\/www.semanariotiempo.cl\/index.php?rest_route=\/wp\/v2\/types\/post"}],"author":[{"embeddable":true,"href":"https:\/\/www.semanariotiempo.cl\/index.php?rest_route=\/wp\/v2\/users\/1"}],"replies":[{"embeddable":true,"href":"https:\/\/www.semanariotiempo.cl\/index.php?rest_route=%2Fwp%2Fv2%2Fcomments&post=10570"}],"version-history":[{"count":0,"href":"https:\/\/www.semanariotiempo.cl\/index.php?rest_route=\/wp\/v2\/posts\/10570\/revisions"}],"wp:featuredmedia":[{"embeddable":true,"href":"https:\/\/www.semanariotiempo.cl\/index.php?rest_route=\/wp\/v2\/media\/10571"}],"wp:attachment":[{"href":"https:\/\/www.semanariotiempo.cl\/index.php?rest_route=%2Fwp%2Fv2%2Fmedia&parent=10570"}],"wp:term":[{"taxonomy":"category","embeddable":true,"href":"https:\/\/www.semanariotiempo.cl\/index.php?rest_route=%2Fwp%2Fv2%2Fcategories&post=10570"},{"taxonomy":"post_tag","embeddable":true,"href":"https:\/\/www.semanariotiempo.cl\/index.php?rest_route=%2Fwp%2Fv2%2Ftags&post=10570"}],"curies":[{"name":"wp","href":"https:\/\/api.w.org\/{rel}","templated":true}]}}