{"id":10564,"date":"2023-11-06T20:35:55","date_gmt":"2023-11-06T23:35:55","guid":{"rendered":"https:\/\/www.semanariotiempo.cl\/?p=10564"},"modified":"2023-11-06T20:35:57","modified_gmt":"2023-11-06T23:35:57","slug":"16-de-noviembre-sea-barrick-y-22-servicios-publicos-visitaran-areas-de-proyecto-de-sondajes","status":"publish","type":"post","link":"https:\/\/www.semanariotiempo.cl\/?p=10564","title":{"rendered":"16 de noviembre: SEA, Barrick y 22 servicios p\u00fablicos visitar\u00e1n \u00e1reas de proyecto de sondajes"},"content":{"rendered":"\n<h4 class=\"wp-block-heading has-vivid-red-color has-text-color\"><strong>Ayer, se evacuaron dos documentos con visitas a terrenos convocando a Conaf, Conadi, el Gobierno Regional y las municipalidades de Coquimbo, La Serena y Vicu\u00f1a. La cita ser\u00e1 a las 10:00 horas.<\/strong><\/h4>\n\n\n<div class=\"wp-block-image\">\n<figure class=\"aligncenter size-large\"><img loading=\"lazy\" decoding=\"async\" width=\"1024\" height=\"758\" src=\"https:\/\/www.semanariotiempo.cl\/wp-content\/uploads\/2023\/11\/sondajef-1024x758.jpg\" alt=\"\" class=\"wp-image-10565\" srcset=\"https:\/\/www.semanariotiempo.cl\/wp-content\/uploads\/2023\/11\/sondajef-1024x758.jpg 1024w, https:\/\/www.semanariotiempo.cl\/wp-content\/uploads\/2023\/11\/sondajef-300x222.jpg 300w, https:\/\/www.semanariotiempo.cl\/wp-content\/uploads\/2023\/11\/sondajef-768x568.jpg 768w, https:\/\/www.semanariotiempo.cl\/wp-content\/uploads\/2023\/11\/sondajef-485x360.jpg 485w, https:\/\/www.semanariotiempo.cl\/wp-content\/uploads\/2023\/11\/sondajef-696x515.jpg 696w, https:\/\/www.semanariotiempo.cl\/wp-content\/uploads\/2023\/11\/sondajef-1068x790.jpg 1068w, https:\/\/www.semanariotiempo.cl\/wp-content\/uploads\/2023\/11\/sondajef-568x420.jpg 568w, https:\/\/www.semanariotiempo.cl\/wp-content\/uploads\/2023\/11\/sondajef-80x60.jpg 80w, https:\/\/www.semanariotiempo.cl\/wp-content\/uploads\/2023\/11\/sondajef.jpg 1200w\" sizes=\"auto, (max-width: 1024px) 100vw, 1024px\" \/><\/figure>\n<\/div>\n\n\n<p class=\"wp-block-paragraph\">Dos documentos fueron evacuados ayer por el Servicio de Evaluaci\u00f3n Ambiental en Coquimbo para realizar visitas a terrenos, el 16 de noviembre, en las inmediaciones del \u00e1rea Campanario, lugar donde Barrick eval\u00faa realizar sondajes mineros con potencial mineral\u00f3gico. La cita est\u00e1 programada a las 10:00 horas y se enmarca dentro del proceso ambiental de la iniciativa.<br>En el primero, 22 servicios p\u00fablicos fueron convocados, entre ellos Conaf, Conadi, Sernagomin, var\u00edas Secretar\u00edas Regionales Ministeriales, adem\u00e1s del Gobierno Regional de Coquimbo y las municipalidades de Coquimbo, La Serena y Vicu\u00f1a. En el segundo, el SEA solo convoca al titular.<br>El proyecto \u201cProspecci\u00f3n Minera Campanario\u201d, de US$36 millones, est\u00e1 ubicado a 70 kil\u00f3metros al Este de Vicu\u00f1a, en la provincia Elqui. \u00c9ste tendr\u00e1 una vida \u00fatil de cinco a\u00f1os e intervendr\u00e1 una superficie de 17,53 hect\u00e1reas (ha) con la habilitaci\u00f3n de 116 plataformas de sondaje de diamantino, operando con hasta ocho maquinarias, simult\u00e1neamente (escenario de mayor rendimiento).<br>Entre agosto y septiembre de este a\u00f1o, en marco de la evaluaci\u00f3n ambiental de la iniciativa, se entablaron cuatro solicitudes para abrir procesos de participaciones ciudadanas por parte de la Corporaci\u00f3n Elqui Valle Sagrado; la Organizaci\u00f3n Tur\u00edstica de Pisco Elqui y la Agrupaci\u00f3n Comunitaria Cultural y Medio Ambiental de Diaguitas; adem\u00e1s del particular Manuel Rojas.<br>De aprobarse ambientalmente el proyecto, que podr\u00eda efectuarse en agosto del 2024, traer\u00e1 un movimiento de 174 trabajadores durante su fase de construcci\u00f3n, 275 en la operaci\u00f3n y 174 en la etapa de cierre.<\/p>\n","protected":false},"excerpt":{"rendered":"<p>Ayer, se evacuaron dos documentos con visitas a terrenos convocando a Conaf, Conadi, el Gobierno Regional y las municipalidades de Coquimbo, La Serena y Vicu\u00f1a. La cita ser\u00e1 a las 10:00 horas. Dos documentos fueron evacuados ayer por el Servicio de Evaluaci\u00f3n Ambiental en Coquimbo para realizar visitas a terrenos, el 16 de noviembre, en [&hellip;]<\/p>\n","protected":false},"author":1,"featured_media":10565,"comment_status":"open","ping_status":"open","sticky":false,"template":"","format":"standard","meta":{"tdm_status":"","tdm_grid_status":"","footnotes":"","_wpscppro_dont_share_socialmedia":false,"_wpscppro_custom_social_share_image":0,"_facebook_share_type":"","_twitter_share_type":"","_linkedin_share_type":"","_pinterest_share_type":"","_linkedin_share_type_page":"","_instagram_share_type":"","_medium_share_type":"","_threads_share_type":"","_google_business_share_type":"","_bluesky_share_type":"","_mastodon_share_type":"","_selected_social_profile":[],"_wpsp_enable_custom_social_template":false,"_wpsp_social_scheduling":{"enabled":false,"datetime":null,"platforms":[],"status":"template_only","dateOption":"today","timeOption":"now","customDays":"","customHours":"","customDate":"","customTime":"","schedulingType":"absolute"},"_wpsp_active_default_template":true},"categories":[1],"tags":[8],"class_list":["post-10564","post","type-post","status-publish","format-standard","has-post-thumbnail","hentry","category-uncategorized","tag-marketing"],"_links":{"self":[{"href":"https:\/\/www.semanariotiempo.cl\/index.php?rest_route=\/wp\/v2\/posts\/10564","targetHints":{"allow":["GET"]}}],"collection":[{"href":"https:\/\/www.semanariotiempo.cl\/index.php?rest_route=\/wp\/v2\/posts"}],"about":[{"href":"https:\/\/www.semanariotiempo.cl\/index.php?rest_route=\/wp\/v2\/types\/post"}],"author":[{"embeddable":true,"href":"https:\/\/www.semanariotiempo.cl\/index.php?rest_route=\/wp\/v2\/users\/1"}],"replies":[{"embeddable":true,"href":"https:\/\/www.semanariotiempo.cl\/index.php?rest_route=%2Fwp%2Fv2%2Fcomments&post=10564"}],"version-history":[{"count":0,"href":"https:\/\/www.semanariotiempo.cl\/index.php?rest_route=\/wp\/v2\/posts\/10564\/revisions"}],"wp:featuredmedia":[{"embeddable":true,"href":"https:\/\/www.semanariotiempo.cl\/index.php?rest_route=\/wp\/v2\/media\/10565"}],"wp:attachment":[{"href":"https:\/\/www.semanariotiempo.cl\/index.php?rest_route=%2Fwp%2Fv2%2Fmedia&parent=10564"}],"wp:term":[{"taxonomy":"category","embeddable":true,"href":"https:\/\/www.semanariotiempo.cl\/index.php?rest_route=%2Fwp%2Fv2%2Fcategories&post=10564"},{"taxonomy":"post_tag","embeddable":true,"href":"https:\/\/www.semanariotiempo.cl\/index.php?rest_route=%2Fwp%2Fv2%2Ftags&post=10564"}],"curies":[{"name":"wp","href":"https:\/\/api.w.org\/{rel}","templated":true}]}}