{"id":10534,"date":"2023-11-02T18:27:21","date_gmt":"2023-11-02T21:27:21","guid":{"rendered":"https:\/\/www.semanariotiempo.cl\/?p=10534"},"modified":"2023-11-02T18:27:23","modified_gmt":"2023-11-02T21:27:23","slug":"pequenos-hortaliceros-de-la-region-prueban-nuevas-tecnologias-para-enfrentar-la-falta-de-agua","status":"publish","type":"post","link":"https:\/\/www.semanariotiempo.cl\/?p=10534","title":{"rendered":"Peque\u00f1os hortaliceros de la regi\u00f3n prueban nuevas tecnolog\u00edas para enfrentar la falta de agua"},"content":{"rendered":"\n<h4 class=\"wp-block-heading has-vivid-red-color has-text-color\"><strong>A partir de una alianza entre el PTI Hort\u00edcola y el Programa Fortalece Pyme Coquimbo, se est\u00e1n probando herramientas tecnol\u00f3gicas en peque\u00f1os predios de la regi\u00f3n que les permitan enfrentar el adverso panorama derivado de la escasez h\u00eddrica.<\/strong><\/h4>\n\n\n<div class=\"wp-block-image\">\n<figure class=\"aligncenter size-full\"><img loading=\"lazy\" decoding=\"async\" width=\"768\" height=\"512\" src=\"https:\/\/www.semanariotiempo.cl\/wp-content\/uploads\/2023\/11\/hortaliceros-1.jpg\" alt=\"\" class=\"wp-image-10535\" srcset=\"https:\/\/www.semanariotiempo.cl\/wp-content\/uploads\/2023\/11\/hortaliceros-1.jpg 768w, https:\/\/www.semanariotiempo.cl\/wp-content\/uploads\/2023\/11\/hortaliceros-1-300x200.jpg 300w, https:\/\/www.semanariotiempo.cl\/wp-content\/uploads\/2023\/11\/hortaliceros-1-696x464.jpg 696w, https:\/\/www.semanariotiempo.cl\/wp-content\/uploads\/2023\/11\/hortaliceros-1-630x420.jpg 630w\" sizes=\"auto, (max-width: 768px) 100vw, 768px\" \/><\/figure>\n<\/div>\n\n<div class=\"wp-block-image\">\n<figure class=\"aligncenter size-full\"><img loading=\"lazy\" decoding=\"async\" width=\"768\" height=\"512\" src=\"https:\/\/www.semanariotiempo.cl\/wp-content\/uploads\/2023\/11\/hortaliceros-2.jpg\" alt=\"\" class=\"wp-image-10536\" srcset=\"https:\/\/www.semanariotiempo.cl\/wp-content\/uploads\/2023\/11\/hortaliceros-2.jpg 768w, https:\/\/www.semanariotiempo.cl\/wp-content\/uploads\/2023\/11\/hortaliceros-2-300x200.jpg 300w, https:\/\/www.semanariotiempo.cl\/wp-content\/uploads\/2023\/11\/hortaliceros-2-696x464.jpg 696w, https:\/\/www.semanariotiempo.cl\/wp-content\/uploads\/2023\/11\/hortaliceros-2-630x420.jpg 630w\" sizes=\"auto, (max-width: 768px) 100vw, 768px\" \/><\/figure>\n<\/div>\n\n\n<p class=\"wp-block-paragraph\">Israel Vega es un productor de hortalizas del sector Punilla, en Ovalle, que en la d\u00e9cada de los 90 fue uno de los primeros en dejar el tradicional riego por surco y comenzar a utilizar el riego por goteo, una decisi\u00f3n que le permiti\u00f3 dar un salto productivo y aprovechar de mejor manera el agua. Hoy se enfrenta con un nuevo dilema, ya que con la severa escasez h\u00eddrica la continuidad de su actividad corre riesgo, es por este motivo que al conocer la existencia de una tecnolog\u00eda nueva que le ayudar\u00e1 a hacer un riego m\u00e1s eficiente, no lo dud\u00f3 mucho y ofreci\u00f3 su campo para la implementaci\u00f3n de un proyecto piloto.<\/p>\n\n\n\n<p class=\"wp-block-paragraph\">Gracias a una alianza entre el PTI Hort\u00edcola y el programa Fortalece Pyme Coquimbo, en el predio de Israel Vega se instal\u00f3 una sonda de humedad, un equipo que le entrega informaci\u00f3n en tiempo real sobre la cantidad de agua que llega a las ra\u00edces de sus hortalizas y el nivel de salinidad, entre otros par\u00e1metros que llegan al tel\u00e9fono del productor y le permiten hacer un uso m\u00e1s eficiente de sus recursos, especialmente del agua.<\/p>\n\n\n\n<p class=\"wp-block-paragraph\">\u201cEsto nos permite ahorrar agua y me dir\u00e1 cuando regar, lo que es muy importante, porque estamos en una sequ\u00eda muy mala y con esto va a ser un mejoramiento total para muchos peque\u00f1os agricultores\u201d, sostuvo Vega.<\/p>\n\n\n\n<p class=\"wp-block-paragraph\">Cristian Sotomayor, gerente del programa Fortalece Pyme Coquimbo, indic\u00f3 que con esta alianza con el PTI Hort\u00edcola se est\u00e1n acercando las nuevas tecnolog\u00edas a peque\u00f1os productores de hortalizas de la regi\u00f3n. \u201cEstamos haciendo pilotos demostrativos en el uso de sondas de humedad, capacitando y acompa\u00f1ando en la implementaci\u00f3n de esta tecnolog\u00eda, con el objeto de avanzar hacia una mayor eficiencia h\u00eddrica y productividad, para luego con esta experiencia y aprendizaje realizar talleres de difusi\u00f3n para que el resto de los productores conozca de manera pr\u00e1ctica los potenciales beneficios que pueden entregar estas tecnolog\u00edas\u201d.<\/p>\n\n\n\n<p class=\"wp-block-paragraph\"><strong>SOBRE EL PROGRAMA<\/strong><\/p>\n\n\n\n<p class=\"wp-block-paragraph\">Fortalece Pyme Coquimbo es una iniciativa financiada por Corfo y ejecutada por Asoex en conjunto con la Universidad Cat\u00f3lica del Norte. Este programa est\u00e1 trabajando con cer ca de 200 productores agr\u00edcolas pertenecientes a alguna de las 3 provincias de la regi\u00f3n en materias de adopci\u00f3n de tecnolog\u00edas que permitan un uso m\u00e1s eficiente de los recursos, entre otros aspectos.<br>Para m\u00e1s informaci\u00f3n, es posible visitar el sitio web www.fpymecoquimbo.cl o contactarse v\u00eda correo electr\u00f3nico a csotomayor@fpymecoquimbo.cl.<\/p>\n","protected":false},"excerpt":{"rendered":"<p>A partir de una alianza entre el PTI Hort\u00edcola y el Programa Fortalece Pyme Coquimbo, se est\u00e1n probando herramientas tecnol\u00f3gicas en peque\u00f1os predios de la regi\u00f3n que les permitan enfrentar el adverso panorama derivado de la escasez h\u00eddrica. Israel Vega es un productor de hortalizas del sector Punilla, en Ovalle, que en la d\u00e9cada de [&hellip;]<\/p>\n","protected":false},"author":1,"featured_media":10536,"comment_status":"open","ping_status":"open","sticky":false,"template":"","format":"standard","meta":{"tdm_status":"","tdm_grid_status":"","footnotes":"","_wpscppro_dont_share_socialmedia":false,"_wpscppro_custom_social_share_image":0,"_facebook_share_type":"","_twitter_share_type":"","_linkedin_share_type":"","_pinterest_share_type":"","_linkedin_share_type_page":"","_instagram_share_type":"","_medium_share_type":"","_threads_share_type":"","_google_business_share_type":"","_bluesky_share_type":"","_mastodon_share_type":"","_selected_social_profile":[],"_wpsp_enable_custom_social_template":false,"_wpsp_social_scheduling":{"enabled":false,"datetime":null,"platforms":[],"status":"template_only","dateOption":"today","timeOption":"now","customDays":"","customHours":"","customDate":"","customTime":"","schedulingType":"absolute"},"_wpsp_active_default_template":true},"categories":[1],"tags":[8,28,7],"class_list":["post-10534","post","type-post","status-publish","format-standard","has-post-thumbnail","hentry","category-uncategorized","tag-marketing","tag-site-tips","tag-wordpress"],"_links":{"self":[{"href":"https:\/\/www.semanariotiempo.cl\/index.php?rest_route=\/wp\/v2\/posts\/10534","targetHints":{"allow":["GET"]}}],"collection":[{"href":"https:\/\/www.semanariotiempo.cl\/index.php?rest_route=\/wp\/v2\/posts"}],"about":[{"href":"https:\/\/www.semanariotiempo.cl\/index.php?rest_route=\/wp\/v2\/types\/post"}],"author":[{"embeddable":true,"href":"https:\/\/www.semanariotiempo.cl\/index.php?rest_route=\/wp\/v2\/users\/1"}],"replies":[{"embeddable":true,"href":"https:\/\/www.semanariotiempo.cl\/index.php?rest_route=%2Fwp%2Fv2%2Fcomments&post=10534"}],"version-history":[{"count":0,"href":"https:\/\/www.semanariotiempo.cl\/index.php?rest_route=\/wp\/v2\/posts\/10534\/revisions"}],"wp:featuredmedia":[{"embeddable":true,"href":"https:\/\/www.semanariotiempo.cl\/index.php?rest_route=\/wp\/v2\/media\/10536"}],"wp:attachment":[{"href":"https:\/\/www.semanariotiempo.cl\/index.php?rest_route=%2Fwp%2Fv2%2Fmedia&parent=10534"}],"wp:term":[{"taxonomy":"category","embeddable":true,"href":"https:\/\/www.semanariotiempo.cl\/index.php?rest_route=%2Fwp%2Fv2%2Fcategories&post=10534"},{"taxonomy":"post_tag","embeddable":true,"href":"https:\/\/www.semanariotiempo.cl\/index.php?rest_route=%2Fwp%2Fv2%2Ftags&post=10534"}],"curies":[{"name":"wp","href":"https:\/\/api.w.org\/{rel}","templated":true}]}}