{"id":10528,"date":"2023-11-02T17:46:23","date_gmt":"2023-11-02T20:46:23","guid":{"rendered":"https:\/\/www.semanariotiempo.cl\/?p=10528"},"modified":"2023-11-02T17:46:26","modified_gmt":"2023-11-02T20:46:26","slug":"cristobal-benitez-director-nacional-del-sernatur-el-turismo-interno-es-el-que-mas-se-recuperado-post-pandemia","status":"publish","type":"post","link":"https:\/\/www.semanariotiempo.cl\/?p=10528","title":{"rendered":"Crist\u00f3bal Ben\u00edtez, director nacional del Sernatur: \u201cEl turismo interno es el que m\u00e1s se recuperado post pandemia\u201d"},"content":{"rendered":"\n<h4 class=\"wp-block-heading has-vivid-red-color has-text-color\"><strong>Un 30% del flujo hacia los destinos de la regi\u00f3n de Coquimbo en alta temporada provienen a este segmento, que se traduce en un movimiento interno que beneficia a sectores rurales y las experiencias que ofrecen los operadores de los valles interiores. Perspectivas positivas considerando la reciente declaraci\u00f3n de Zona de Inter\u00e9s Tur\u00edstico en el eje Pichidangui-Quilimar\u00ed y el verano 2023.<\/strong><\/h4>\n\n\n<div class=\"wp-block-image\">\n<figure class=\"aligncenter size-large\"><img loading=\"lazy\" decoding=\"async\" width=\"1024\" height=\"768\" src=\"https:\/\/www.semanariotiempo.cl\/wp-content\/uploads\/2023\/11\/1460-10-15-1024x768.jpg\" alt=\"\" class=\"wp-image-10529\" srcset=\"https:\/\/www.semanariotiempo.cl\/wp-content\/uploads\/2023\/11\/1460-10-15-1024x768.jpg 1024w, https:\/\/www.semanariotiempo.cl\/wp-content\/uploads\/2023\/11\/1460-10-15-300x225.jpg 300w, https:\/\/www.semanariotiempo.cl\/wp-content\/uploads\/2023\/11\/1460-10-15-768x576.jpg 768w, https:\/\/www.semanariotiempo.cl\/wp-content\/uploads\/2023\/11\/1460-10-15-696x522.jpg 696w, https:\/\/www.semanariotiempo.cl\/wp-content\/uploads\/2023\/11\/1460-10-15-1068x801.jpg 1068w, https:\/\/www.semanariotiempo.cl\/wp-content\/uploads\/2023\/11\/1460-10-15-560x420.jpg 560w, https:\/\/www.semanariotiempo.cl\/wp-content\/uploads\/2023\/11\/1460-10-15-80x60.jpg 80w, https:\/\/www.semanariotiempo.cl\/wp-content\/uploads\/2023\/11\/1460-10-15-265x198.jpg 265w, https:\/\/www.semanariotiempo.cl\/wp-content\/uploads\/2023\/11\/1460-10-15.jpg 1200w\" sizes=\"auto, (max-width: 1024px) 100vw, 1024px\" \/><\/figure>\n<\/div>\n\n\n<p class=\"wp-block-paragraph\">La meta es desestacionalizar la marcada oferta tur\u00edstica de la regi\u00f3n de Coquimbo. La semana pasada comenz\u00f3 la temporada de cruceros 2023-2024, que trae a visitantes internacionales que recorren los principales puntos de La Serena, valle de Elqui, incluso Limar\u00ed, generando un gasto de hasta US$150 por pasajero, a trav\u00e9s de la compra de artesan\u00edas en lapisl\u00e1zuli, vinos y otros productos locales.<br>Paralelamente, se produjo el cierre de Coquimbo Adventure, la Primera Cumbre de Turismo Aventura y Naturaleza del norte chileno, que promueve la llevada de personas en periodos de baja demanda y abre posibilidades de diversificar la oferta de productos y servicios tur\u00edsticos.<br>En ambas instancias estuvo el director del Servicio Nacional de Turismo (Sernatur), Crist\u00f3bal Ben\u00edtez, qui\u00e9n tambi\u00e9n se refiri\u00f3 a la reciente declaratoria de Zona de Inter\u00e9s Tur\u00edstico (ZOIT) en el eje Pichidangui-Quilimar\u00ed, en la comuna de Los Vilos, la segunda de este tipo tras el valle de Elqui. Adem\u00e1s, indic\u00f3 algunas las proyecciones para el sector, de cara al pr\u00f3ximo verano en la regi\u00f3n de Coquimbo.<br>\u201cVinimos porque ac\u00e1 hay un trabajo relevante. No solamente para la regi\u00f3n de Coquimbo, sino para todo el norte del pa\u00eds. Estamos potenciando productos que tienen que ver con turismo de naturaleza y aventura, que permiten diversificar la oferta de la regi\u00f3n y tambi\u00e9n aumentar la temporada de funcionamiento de la actividad, haciendo nuevos productos y destinos\u201d, sostuvo.<br>Se estima que un 30% de los visitantes en periodos de alta demanda tur\u00edstica pertenecen a un movimiento interno, que beneficia a sectores rurales y las experiencias que ofrecen los operadores de los valles interiores.<\/p>\n\n\n\n<p class=\"wp-block-paragraph\"><strong>Volvieron los cruceros y estamos a poco de iniciar el verano \u00bfCu\u00e1les son las proyecciones para la regi\u00f3n?<\/strong><br>\u201cTenemos una buena expectativa, sobre todo en el turismo interno para la pr\u00f3xima temporada (verano). El turismo interno es el que m\u00e1s se recuperado post pandemia. Ya tenemos un 11% sobre lo que era antes de la pandemia, y esperamos que se produzca una buena temporada de verano\u201d.<\/p>\n\n\n\n<p class=\"wp-block-paragraph\"><strong>\u00bfPor eso su visita a este certamen de turismo aventura?<\/strong><br>\u201cEste tipo de eventos es lo que necesitamos relevar porque, a nivel internacional, el turismo aventura es una de las \u00e1reas estrat\u00e9gicas que estamos trabajando, con muy buen posicionamiento y nos ayudan a conectar con operadores internacionales, que conocen a Chile como un destino de turismo aventura, pero necesitan conocer m\u00e1s diversidad de productos\u201d.<\/p>\n\n\n\n<p class=\"wp-block-paragraph\"><strong>\u00bfQui\u00e9nes consumen estas experiencias tur\u00edsticas?<\/strong><br>\u201cEstamos trabajando con ATA, que es la Asociaci\u00f3n Mundial de Turismo Aventura, que tiene su principal sede en Estados Unidos. La mayor\u00eda de los tours operadores son norteamericanos, pero tambi\u00e9n hay europeos y brasileros. Son turistas que tienen mayor permanencia, gasto y trabajan en temporadas distintas. Eso ayuda a compensar la estacionalidad a zonas como la regi\u00f3n de Coquimbo, que tiene una estacionalidad marcada, potenciando el turismo de los valles, por supuesto el valle de Elqui, pero tambi\u00e9n Limar\u00ed y Choapa\u201d.<\/p>\n\n\n\n<p class=\"wp-block-paragraph\">Recientemente, el eje Pichidangui-Quilimar\u00ed fue declarado como Zona de Inter\u00e9s Tur\u00edstico\u2026<br>\u201cEfectivamente, el Comit\u00e9 de Ministros (del Turismo) sesion\u00f3 y se aprob\u00f3 la Zona de Inter\u00e9s Tur\u00edstico (ZOIT) de Pichidangui y Quilimar\u00ed. Es clave porque esa zona es rural o est\u00e1n emergiendo, y es importante por dos cosas. Primero, requiere una buena coordinaci\u00f3n y trabajo constante p\u00fablico-privado, donde es importante que queden mesas de trabajo y la colaboraci\u00f3n junto al municipio, actores que quieren fortalecer el territorio. Y segundo, porque queda una hoja de ruta sobre qu\u00e9 necesitamos para fortalecer el territorio. Y eso es parte de la ZOIT, donde se elabora un plan de acci\u00f3n, donde los distintos actores se comprometen a fortalecer el destino. Nos permite ponernos de acuerdo hacia d\u00f3nde queremos ir, y trabajar en conjunto para lograrlo\u201d.<\/p>\n","protected":false},"excerpt":{"rendered":"<p>Un 30% del flujo hacia los destinos de la regi\u00f3n de Coquimbo en alta temporada provienen a este segmento, que se traduce en un movimiento interno que beneficia a sectores rurales y las experiencias que ofrecen los operadores de los valles interiores. Perspectivas positivas considerando la reciente declaraci\u00f3n de Zona de Inter\u00e9s Tur\u00edstico en el [&hellip;]<\/p>\n","protected":false},"author":1,"featured_media":10529,"comment_status":"open","ping_status":"open","sticky":false,"template":"","format":"standard","meta":{"tdm_status":"","tdm_grid_status":"","footnotes":"","_wpscppro_dont_share_socialmedia":false,"_wpscppro_custom_social_share_image":0,"_facebook_share_type":"","_twitter_share_type":"","_linkedin_share_type":"","_pinterest_share_type":"","_linkedin_share_type_page":"","_instagram_share_type":"","_medium_share_type":"","_threads_share_type":"","_google_business_share_type":"","_bluesky_share_type":"","_mastodon_share_type":"","_selected_social_profile":[],"_wpsp_enable_custom_social_template":false,"_wpsp_social_scheduling":{"enabled":false,"datetime":null,"platforms":[],"status":"template_only","dateOption":"today","timeOption":"now","customDays":"","customHours":"","customDate":"","customTime":"","schedulingType":"absolute"},"_wpsp_active_default_template":true},"categories":[1],"tags":[8],"class_list":["post-10528","post","type-post","status-publish","format-standard","has-post-thumbnail","hentry","category-uncategorized","tag-marketing"],"_links":{"self":[{"href":"https:\/\/www.semanariotiempo.cl\/index.php?rest_route=\/wp\/v2\/posts\/10528","targetHints":{"allow":["GET"]}}],"collection":[{"href":"https:\/\/www.semanariotiempo.cl\/index.php?rest_route=\/wp\/v2\/posts"}],"about":[{"href":"https:\/\/www.semanariotiempo.cl\/index.php?rest_route=\/wp\/v2\/types\/post"}],"author":[{"embeddable":true,"href":"https:\/\/www.semanariotiempo.cl\/index.php?rest_route=\/wp\/v2\/users\/1"}],"replies":[{"embeddable":true,"href":"https:\/\/www.semanariotiempo.cl\/index.php?rest_route=%2Fwp%2Fv2%2Fcomments&post=10528"}],"version-history":[{"count":0,"href":"https:\/\/www.semanariotiempo.cl\/index.php?rest_route=\/wp\/v2\/posts\/10528\/revisions"}],"wp:featuredmedia":[{"embeddable":true,"href":"https:\/\/www.semanariotiempo.cl\/index.php?rest_route=\/wp\/v2\/media\/10529"}],"wp:attachment":[{"href":"https:\/\/www.semanariotiempo.cl\/index.php?rest_route=%2Fwp%2Fv2%2Fmedia&parent=10528"}],"wp:term":[{"taxonomy":"category","embeddable":true,"href":"https:\/\/www.semanariotiempo.cl\/index.php?rest_route=%2Fwp%2Fv2%2Fcategories&post=10528"},{"taxonomy":"post_tag","embeddable":true,"href":"https:\/\/www.semanariotiempo.cl\/index.php?rest_route=%2Fwp%2Fv2%2Ftags&post=10528"}],"curies":[{"name":"wp","href":"https:\/\/api.w.org\/{rel}","templated":true}]}}