{"id":10522,"date":"2023-10-31T22:24:52","date_gmt":"2023-11-01T01:24:52","guid":{"rendered":"https:\/\/www.semanariotiempo.cl\/?p=10522"},"modified":"2023-10-31T22:24:55","modified_gmt":"2023-11-01T01:24:55","slug":"mop-y-transportes-recorren-la-ruta-5-entre-la-serena-y-coquimbo-por-proximas-mejoras-viales","status":"publish","type":"post","link":"https:\/\/www.semanariotiempo.cl\/?p=10522","title":{"rendered":"MOP y Transportes recorren la Ruta 5 entre La Serena y Coquimbo por pr\u00f3ximas mejoras viales"},"content":{"rendered":"\n<h4 class=\"wp-block-heading has-vivid-red-color has-text-color\"><strong>En la instancia, el SEREMI de Obras P\u00fablicas, Javier Sandoval, y su par de Transportes, Alejandra Maureira, recorrieron distintos puntos del tramo urbano de la Ruta 5, que une a las comunas de La Serena y Coquimbo, donde pudieron discutir en terreno las obras de mejoramiento de la infraestructura vial necesarias para modernizar y resolver las problem\u00e1ticas que hoy presenta la v\u00eda.<\/strong><\/h4>\n\n\n<div class=\"wp-block-image\">\n<figure class=\"aligncenter size-full\"><img loading=\"lazy\" decoding=\"async\" width=\"960\" height=\"719\" src=\"https:\/\/www.semanariotiempo.cl\/wp-content\/uploads\/2023\/10\/MOP-y-transporte-02.jpg\" alt=\"\" class=\"wp-image-10523\" srcset=\"https:\/\/www.semanariotiempo.cl\/wp-content\/uploads\/2023\/10\/MOP-y-transporte-02.jpg 960w, https:\/\/www.semanariotiempo.cl\/wp-content\/uploads\/2023\/10\/MOP-y-transporte-02-300x225.jpg 300w, https:\/\/www.semanariotiempo.cl\/wp-content\/uploads\/2023\/10\/MOP-y-transporte-02-768x575.jpg 768w, https:\/\/www.semanariotiempo.cl\/wp-content\/uploads\/2023\/10\/MOP-y-transporte-02-696x521.jpg 696w, https:\/\/www.semanariotiempo.cl\/wp-content\/uploads\/2023\/10\/MOP-y-transporte-02-561x420.jpg 561w, https:\/\/www.semanariotiempo.cl\/wp-content\/uploads\/2023\/10\/MOP-y-transporte-02-80x60.jpg 80w, https:\/\/www.semanariotiempo.cl\/wp-content\/uploads\/2023\/10\/MOP-y-transporte-02-265x198.jpg 265w\" sizes=\"auto, (max-width: 960px) 100vw, 960px\" \/><\/figure>\n<\/div>\n\n\n<p class=\"wp-block-paragraph\">Desde la secretar\u00eda Regional informaron que uno de los compromisos asumidos por el Ministerio de Obras P\u00fablicas al presentar el proyecto de Circunvalaci\u00f3n para la conurbaci\u00f3n, es el mejoramiento de la actual Ruta 5 que une las comunas de La Serena y Coquimbo. Por ello el SEREMI de Obras P\u00fablicas, Javier Sandoval y su par de Transportes y Telecomunicaciones, Alejandra Maureira, realizaron visitas inspectivas en diferentes puntos del tramo urbano.<br>En este contexto, Sandoval calific\u00f3 la jornada como \u201cprovechosa\u201d, indicando que esta visita en particular es la continuidad de lo que como Ministerio han estado trabajando, con expertos en infraestructura vial y de log\u00edstica de circulaci\u00f3n.<br>\u201cEsta fue una visita s\u00faper provechosa, porque nosotros como Ministerio de Obras P\u00fablicas desde un principio hemos mantenido una actitud muy abierta con nuestros proyectos. Hemos querido trabajar en conjunto a otros ministerios y otros servicios. As\u00ed ha sido desde el principio con el proyecto de circunvalaci\u00f3n y las mejoras de la ruta 5 existente, trabajando con expertos en infraestructura vial y adem\u00e1s, de log\u00edstica de circulaci\u00f3n\u201d, indic\u00f3 el Secretario Ministerial del MOP.<br><br>Adem\u00e1s, el jefe de la cartera de Obras P\u00fablicas destac\u00f3 que desde marzo de 2023 han estado trabajando en conjunto, no solo con los equipos t\u00e9cnicos involucrados, sino que tambi\u00e9n con actores pol\u00edticos, para responder inquietudes, informar, recoger observaciones y complementar el proyecto de circunvalaci\u00f3n de la Ruta 5 incorporando m\u00faltiples visiones.<br>\u201cRecordemos que en marzo de este a\u00f1o, iniciamos un ciclo de reuniones de trabajo con todos los servicios, donde se incorpor\u00f3 a los dos municipios, al Gobierno Regional, al Ministerio de Vivienda y Urbanismo y al Ministerio de Transportes. Este trabajo ha sido continuo. Ha habido una serie de reuniones con distintos servicios, donde se le ha estado informando a las autoridades, como a los Alcaldes, a la Gobernadora e inclusive, hemos hecho jornadas informativas con parlamentarios\u201d, puntualiz\u00f3.<br><br>Por su parte, Alejandra Maureira, SEREMI de Transportes y Telecomunicaciones, se\u00f1al\u00f3 que \u201cestamos trabajando con el SEREMI Javier Sandoval, para levantar una v\u00eda prioritaria de transporte p\u00fablico para poder asegurar un buen flujo y de este modo, fomentar su uso. Hemos estado en distintos puntos que son bien complejos, revisando cu\u00e1les ser\u00edan la soluciones geom\u00e9tricas y vemos una muy buena disposici\u00f3n, tanto de concesiones MOP como de la propia seremi MOP, para poder avanzar en estas soluciones\u201d.<br>En este mismo sentido, Sandoval indic\u00f3 que \u201ccreemos que esto es algo muy esperado por la comunidad y bueno, reiterar esta actitud que tenemos como Ministerio y que transportes valor\u00f3 mucho. El poder invitarlos e incluirlos desde un principio en la planificaci\u00f3n e imaginar en conjunto las obras necesarias en esta ruta\u201d.<br><br>Tal como lo indica el SEREMI del MOP, se espera que las obras comiencen al finalizar la temporada estival, ya que por la magnitud de las mismas, estas podr\u00edan ocasionar m\u00e1s caos vial en la ruta si los tiempos no se planifican adecuadamente.<br>\u201cRecordemos que estamos limitados porque se viene el verano, por ende no podemos comenzar obras ya, pero terminada la \u00e9poca estival, queremos iniciar lo m\u00e1s pronto posible con estas obras, que creemos van a ir mejorando visiblemente y generando un impacto positivo en la congesti\u00f3n que hay en la ruta 5 y que van a permitir subsanar mucho de los conflictos que se generan hoy en d\u00eda en esta ruta\u201d, puntualiz\u00f3 Sandoval.<\/p>\n","protected":false},"excerpt":{"rendered":"<p>En la instancia, el SEREMI de Obras P\u00fablicas, Javier Sandoval, y su par de Transportes, Alejandra Maureira, recorrieron distintos puntos del tramo urbano de la Ruta 5, que une a las comunas de La Serena y Coquimbo, donde pudieron discutir en terreno las obras de mejoramiento de la infraestructura vial necesarias para modernizar y resolver [&hellip;]<\/p>\n","protected":false},"author":1,"featured_media":10523,"comment_status":"open","ping_status":"open","sticky":false,"template":"","format":"standard","meta":{"tdm_status":"","tdm_grid_status":"","footnotes":"","_wpscppro_dont_share_socialmedia":false,"_wpscppro_custom_social_share_image":0,"_facebook_share_type":"","_twitter_share_type":"","_linkedin_share_type":"","_pinterest_share_type":"","_linkedin_share_type_page":"","_instagram_share_type":"","_medium_share_type":"","_threads_share_type":"","_google_business_share_type":"","_bluesky_share_type":"","_mastodon_share_type":"","_selected_social_profile":[],"_wpsp_enable_custom_social_template":false,"_wpsp_social_scheduling":{"enabled":false,"datetime":null,"platforms":[],"status":"template_only","dateOption":"today","timeOption":"now","customDays":"","customHours":"","customDate":"","customTime":"","schedulingType":"absolute"},"_wpsp_active_default_template":true},"categories":[1],"tags":[8,28,5],"class_list":["post-10522","post","type-post","status-publish","format-standard","has-post-thumbnail","hentry","category-uncategorized","tag-marketing","tag-site-tips","tag-website"],"_links":{"self":[{"href":"https:\/\/www.semanariotiempo.cl\/index.php?rest_route=\/wp\/v2\/posts\/10522","targetHints":{"allow":["GET"]}}],"collection":[{"href":"https:\/\/www.semanariotiempo.cl\/index.php?rest_route=\/wp\/v2\/posts"}],"about":[{"href":"https:\/\/www.semanariotiempo.cl\/index.php?rest_route=\/wp\/v2\/types\/post"}],"author":[{"embeddable":true,"href":"https:\/\/www.semanariotiempo.cl\/index.php?rest_route=\/wp\/v2\/users\/1"}],"replies":[{"embeddable":true,"href":"https:\/\/www.semanariotiempo.cl\/index.php?rest_route=%2Fwp%2Fv2%2Fcomments&post=10522"}],"version-history":[{"count":0,"href":"https:\/\/www.semanariotiempo.cl\/index.php?rest_route=\/wp\/v2\/posts\/10522\/revisions"}],"wp:featuredmedia":[{"embeddable":true,"href":"https:\/\/www.semanariotiempo.cl\/index.php?rest_route=\/wp\/v2\/media\/10523"}],"wp:attachment":[{"href":"https:\/\/www.semanariotiempo.cl\/index.php?rest_route=%2Fwp%2Fv2%2Fmedia&parent=10522"}],"wp:term":[{"taxonomy":"category","embeddable":true,"href":"https:\/\/www.semanariotiempo.cl\/index.php?rest_route=%2Fwp%2Fv2%2Fcategories&post=10522"},{"taxonomy":"post_tag","embeddable":true,"href":"https:\/\/www.semanariotiempo.cl\/index.php?rest_route=%2Fwp%2Fv2%2Ftags&post=10522"}],"curies":[{"name":"wp","href":"https:\/\/api.w.org\/{rel}","templated":true}]}}