{"id":10513,"date":"2023-10-31T22:06:56","date_gmt":"2023-11-01T01:06:56","guid":{"rendered":"https:\/\/www.semanariotiempo.cl\/?p=10513"},"modified":"2023-10-31T22:06:59","modified_gmt":"2023-11-01T01:06:59","slug":"maria-ines-figari-sociedad-agricola-del-norte-hago-un-llamado-a-los-agricultores-a-que-busquen-con-las-navieras-o-exportadoras-la-factibilidad-que-la-carga-salga-por-coquimbo","status":"publish","type":"post","link":"https:\/\/www.semanariotiempo.cl\/?p=10513","title":{"rendered":"Mar\u00eda In\u00e9s Figari, Sociedad Agr\u00edcola del Norte: \u201chago un llamado a los agricultores a que busquen con las navieras o exportadoras la factibilidad que la carga salga por Coquimbo\u201d"},"content":{"rendered":"<div class=\"wp-block-image\">\n<figure class=\"aligncenter size-large\"><img loading=\"lazy\" decoding=\"async\" width=\"1024\" height=\"684\" src=\"https:\/\/www.semanariotiempo.cl\/wp-content\/uploads\/2023\/10\/Maria-Ines-Figari-pressidenta-de-la-SAN-1024x684.jpg\" alt=\"\" class=\"wp-image-10514\" srcset=\"https:\/\/www.semanariotiempo.cl\/wp-content\/uploads\/2023\/10\/Maria-Ines-Figari-pressidenta-de-la-SAN-1024x684.jpg 1024w, https:\/\/www.semanariotiempo.cl\/wp-content\/uploads\/2023\/10\/Maria-Ines-Figari-pressidenta-de-la-SAN-300x201.jpg 300w, https:\/\/www.semanariotiempo.cl\/wp-content\/uploads\/2023\/10\/Maria-Ines-Figari-pressidenta-de-la-SAN-768x513.jpg 768w, https:\/\/www.semanariotiempo.cl\/wp-content\/uploads\/2023\/10\/Maria-Ines-Figari-pressidenta-de-la-SAN-696x465.jpg 696w, https:\/\/www.semanariotiempo.cl\/wp-content\/uploads\/2023\/10\/Maria-Ines-Figari-pressidenta-de-la-SAN-1068x714.jpg 1068w, https:\/\/www.semanariotiempo.cl\/wp-content\/uploads\/2023\/10\/Maria-Ines-Figari-pressidenta-de-la-SAN-628x420.jpg 628w, https:\/\/www.semanariotiempo.cl\/wp-content\/uploads\/2023\/10\/Maria-Ines-Figari-pressidenta-de-la-SAN.jpg 1200w\" sizes=\"auto, (max-width: 1024px) 100vw, 1024px\" \/><\/figure>\n<\/div>\n\n\n<p class=\"wp-block-paragraph\">Los problemas de la industria log\u00edstica portuaria post coronavirus, se cristaliz\u00f3 en el encarecimiento de los costos en la exportaci\u00f3n\/importaci\u00f3n, debido a la falta de equipos y contenedores, el incremento del valor del flete terrestre y la congesti\u00f3n de los mismos puertos. Todos ocasionaron el aumento en los tiempos de entrega.<br>El puerto de Coquimbo presenta condiciones favorables para la transferencia de carga, como pocos d\u00edas de cierre por condiciones clim\u00e1ticas, facilidad operacional en el transporte terrestre, entre otros. Cada buque representa un n\u00famero importante de turnos de trabajo, lo que activa adem\u00e1s a toda la cadena log\u00edstica.<br>Sin embargo, la mayor\u00eda de las exportaciones agr\u00edcolas de la regi\u00f3n a\u00fan se trasladan a otras zonas del pa\u00eds, especialmente a San Antonio. Por ejemplo, del total de c\u00edtricos que exporta Chile, cerca del 35% proceden de esta zona.<br>Por ello, el estreno del Sitio 3 de atraque y la adquisici\u00f3n de equipamiento para contenedores en el puerto de Coquimbo se visualiza como una alternativa real para captar mayores env\u00edos. Mar\u00eda In\u00e9s Figari, presidenta de la Sociedad Agr\u00edcola del Norte (SAN), indic\u00f3 que exportar por Coquimbo \u201cva a ser siempre mucho m\u00e1s econ\u00f3mico, r\u00e1pido y seguro\u201d.<br>\u201cHoy, todos los productos se est\u00e1n trasladando en portacontenedores porque es m\u00e1s f\u00e1cil el acceso, y no corren riesgo que se intervengan. Por lo tanto, los compradores de productos chilenos, piden que sea en portacontenedores\u201d, explic\u00f3. En ese sentido, hizo un llamado a \u201ctodos los agricultores que busquen con las navieras o exportadoras la factibilidad que la carga salga por el puerto de Coquimbo\u201d.<br><br>De acuerdo al estudio \u201cMejorar la eficiencia y sustentabilidad de la cadena log\u00edstica del Puerto de Coquimbo\u201d, adjudicado por Corfo a la Empresa Portuaria Coquimbo (EPCO), sacar los productos por la ciudad-puerto permite un 7% de ahorro en los costos de toda la cadena log\u00edstica, y se reduce en un 8% la huella de carbono. Ello en comparaci\u00f3n a un puerto de la zona central del pa\u00eds.<\/p>\n","protected":false},"excerpt":{"rendered":"<p>Los problemas de la industria log\u00edstica portuaria post coronavirus, se cristaliz\u00f3 en el encarecimiento de los costos en la exportaci\u00f3n\/importaci\u00f3n, debido a la falta de equipos y contenedores, el incremento del valor del flete terrestre y la congesti\u00f3n de los mismos puertos. Todos ocasionaron el aumento en los tiempos de entrega.El puerto de Coquimbo presenta [&hellip;]<\/p>\n","protected":false},"author":1,"featured_media":10514,"comment_status":"open","ping_status":"open","sticky":false,"template":"","format":"standard","meta":{"tdm_status":"","tdm_grid_status":"","footnotes":"","_wpscppro_dont_share_socialmedia":false,"_wpscppro_custom_social_share_image":0,"_facebook_share_type":"","_twitter_share_type":"","_linkedin_share_type":"","_pinterest_share_type":"","_linkedin_share_type_page":"","_instagram_share_type":"","_medium_share_type":"","_threads_share_type":"","_google_business_share_type":"","_bluesky_share_type":"","_mastodon_share_type":"","_selected_social_profile":[],"_wpsp_enable_custom_social_template":false,"_wpsp_social_scheduling":{"enabled":false,"datetime":null,"platforms":[],"status":"template_only","dateOption":"today","timeOption":"now","customDays":"","customHours":"","customDate":"","customTime":"","schedulingType":"absolute"},"_wpsp_active_default_template":true},"categories":[1],"tags":[8,7],"class_list":["post-10513","post","type-post","status-publish","format-standard","has-post-thumbnail","hentry","category-uncategorized","tag-marketing","tag-wordpress"],"_links":{"self":[{"href":"https:\/\/www.semanariotiempo.cl\/index.php?rest_route=\/wp\/v2\/posts\/10513","targetHints":{"allow":["GET"]}}],"collection":[{"href":"https:\/\/www.semanariotiempo.cl\/index.php?rest_route=\/wp\/v2\/posts"}],"about":[{"href":"https:\/\/www.semanariotiempo.cl\/index.php?rest_route=\/wp\/v2\/types\/post"}],"author":[{"embeddable":true,"href":"https:\/\/www.semanariotiempo.cl\/index.php?rest_route=\/wp\/v2\/users\/1"}],"replies":[{"embeddable":true,"href":"https:\/\/www.semanariotiempo.cl\/index.php?rest_route=%2Fwp%2Fv2%2Fcomments&post=10513"}],"version-history":[{"count":0,"href":"https:\/\/www.semanariotiempo.cl\/index.php?rest_route=\/wp\/v2\/posts\/10513\/revisions"}],"wp:featuredmedia":[{"embeddable":true,"href":"https:\/\/www.semanariotiempo.cl\/index.php?rest_route=\/wp\/v2\/media\/10514"}],"wp:attachment":[{"href":"https:\/\/www.semanariotiempo.cl\/index.php?rest_route=%2Fwp%2Fv2%2Fmedia&parent=10513"}],"wp:term":[{"taxonomy":"category","embeddable":true,"href":"https:\/\/www.semanariotiempo.cl\/index.php?rest_route=%2Fwp%2Fv2%2Fcategories&post=10513"},{"taxonomy":"post_tag","embeddable":true,"href":"https:\/\/www.semanariotiempo.cl\/index.php?rest_route=%2Fwp%2Fv2%2Ftags&post=10513"}],"curies":[{"name":"wp","href":"https:\/\/api.w.org\/{rel}","templated":true}]}}