{"id":10475,"date":"2023-10-25T20:22:09","date_gmt":"2023-10-25T23:22:09","guid":{"rendered":"https:\/\/www.semanariotiempo.cl\/?p=10475"},"modified":"2023-10-25T20:22:12","modified_gmt":"2023-10-25T23:22:12","slug":"consejeros-regionales-solicitan-mas-informacion-y-premura-sobre-recursos-anunciados-por-el-gobierno-para-la-emergencia-hidrica","status":"publish","type":"post","link":"https:\/\/www.semanariotiempo.cl\/?p=10475","title":{"rendered":"Consejeros regionales solicitan m\u00e1s informaci\u00f3n y premura sobre recursos anunciados por el Gobierno para la emergencia h\u00eddrica"},"content":{"rendered":"\n<h4 class=\"wp-block-heading has-vivid-red-color has-text-color\"><strong>Molestia gener\u00f3 entre los integrantes de esta mesa de trabajo la ausencia del Delegado Presidencial Regional, Rub\u00e9n Quezada, y el secretario t\u00e9cnico de la comisi\u00f3n h\u00eddrica de la delegaci\u00f3n regional, quienes fueron convocados para conocer el detalle de los anuncios en materia de emergencia h\u00eddrica, realizados durante la \u00faltima visita presidencial a la regi\u00f3n.<\/strong><\/h4>\n\n\n<div class=\"wp-block-image\">\n<figure class=\"aligncenter size-full\"><img loading=\"lazy\" decoding=\"async\" width=\"708\" height=\"531\" src=\"https:\/\/www.semanariotiempo.cl\/wp-content\/uploads\/2023\/10\/core.jpg\" alt=\"\" class=\"wp-image-10476\" srcset=\"https:\/\/www.semanariotiempo.cl\/wp-content\/uploads\/2023\/10\/core.jpg 708w, https:\/\/www.semanariotiempo.cl\/wp-content\/uploads\/2023\/10\/core-300x225.jpg 300w, https:\/\/www.semanariotiempo.cl\/wp-content\/uploads\/2023\/10\/core-696x522.jpg 696w, https:\/\/www.semanariotiempo.cl\/wp-content\/uploads\/2023\/10\/core-560x420.jpg 560w, https:\/\/www.semanariotiempo.cl\/wp-content\/uploads\/2023\/10\/core-80x60.jpg 80w, https:\/\/www.semanariotiempo.cl\/wp-content\/uploads\/2023\/10\/core-265x198.jpg 265w\" sizes=\"auto, (max-width: 708px) 100vw, 708px\" \/><\/figure>\n<\/div>\n\n\n<p class=\"wp-block-paragraph\">Diversas acciones e iniciativas se han abordado al interior de la comisi\u00f3n de Aguas y recursos H\u00eddricos del Consejo Regional para hacer frente a la situaci\u00f3n h\u00eddrica regional. Una instancia que naci\u00f3 a partir de una comisi\u00f3n especial y que se estableci\u00f3 como permanente, luego de entregar un completo informe con el panorama regional, propuestas y requisitos para el corto, mediano y largo plazo.<br>Justamente en medio de este trabajo, la comisi\u00f3n convoc\u00f3 al delegado presidencial, Rub\u00e9n Quezada, junto al secretario t\u00e9cnico de la comisi\u00f3n h\u00eddrica de la delegaci\u00f3n regional, Dar\u00edo Valenzuela, para conocer en detalle la inversi\u00f3n de m\u00e1s de $57 mil millones a 2025 anunciada durante la \u00faltima visita a la regi\u00f3n del Presidente Gabriel Boric, recursos que se implementar\u00e1n a trav\u00e9s de una Estrategia de Recuperaci\u00f3n Agr\u00edcola de Coquimbo a cargo del Ministerio de Agricultura. Sin embargo, los invitados no asistieron al encuentro.<br><br>Tras el desarrollo de la comisi\u00f3n, el presidente de la instancia, Consejero Cristian Rondanelli, dijo que \u201cesta es una comisi\u00f3n tremendamente relevante, dada la crisis que vivimos en la regi\u00f3n de Coquimbo. No tenemos agua para la vida humana y tampoco para la agricultura, y a\u00fan no sabemos cu\u00e1l es la bajada que se va a hacer de los $56 mil millones anunciados por el Presidente de la Rep\u00fablica. Tengo informaci\u00f3n de que ser\u00edan del orden de los $30 mil millones de la Comisi\u00f3n Nacional de Riego, que no es m\u00e1s que el presupuesto anual que \u00e9sta mantiene para inversi\u00f3n en la regi\u00f3n, y donde nosotros estamos trabajando para complementar con recursos del Gobierno Regional para llegar a los regantes\u201d.<br><br>El consejero record\u00f3 que la comisi\u00f3n ha levantado temas relevantes para abordar la escasez h\u00eddrica, visitando las instalaciones de plantas desaladoras en funcionamiento en Antofagasta y Caldera; solicitando un estudio acabado de potenciales impactos medioambientales ante la instalaci\u00f3n de desaladoras en las costas de la Regi\u00f3n de Coquimbo; sosteniendo diversas reuniones de trabajo con ministros de Agricultura, Obras P\u00fablicas y parlamentarios; convocando a organizaciones de riego y de sistemas de Agua Potable Rural de las tres provincias; adem\u00e1s de participar de una sesi\u00f3n de la comisi\u00f3n de Recursos H\u00eddricos de la C\u00e1mara de Diputados en Santiago, en busca de apoyo presupuestario para el ejercicio 2024.<br><br>Desde la provincia de Elqui, el consejero Javier Vega agreg\u00f3 que \u201cestamos ad portas de un convenio con CNR que beneficiar\u00e1 a peque\u00f1os regantes, para que puedan usar de forma m\u00e1s eficiente el recurso h\u00eddrico, pero vemos que algunos l\u00edderes sectoriales no est\u00e1n dando respuesta a nuestras solicitudes, especialmente el Ministerio de Obras P\u00fablicas, a trav\u00e9s de la Direcci\u00f3n de Obras Hidr\u00e1ulicas, que no sabemos por qu\u00e9, pues nosotros solo requerimos informaci\u00f3n. Tampoco particip\u00f3 la Delegaci\u00f3n Presidencial con su comit\u00e9 h\u00eddrico, y nosotros necesitamos saber de qu\u00e9 forma el Gobierno va a ir plasmando la inversi\u00f3n anunciada por el Presidente Gabriel Boric\u201d.<br><br>La Consejera por Limar\u00ed, Tatiana Cort\u00e9s dijo que \u201cesta comisi\u00f3n est\u00e1 cumpliendo con la funci\u00f3n que se le ha encomendado, y hay una preocupaci\u00f3n que est\u00e1 sustentada en la falta de informaci\u00f3n respecto de c\u00f3mo se est\u00e1n ejecutando los planes anunciados por el Gobierno. Para nadie es desconocido el problema de sequ\u00eda que tenemos, en la provincia de Limar\u00ed hay distintas comunidades acusando esta problem\u00e1tica y eso nos mueve a tomar iniciativas para tratar de impulsar o fortalecer el trabajo que se est\u00e1 realizando desde los distintos estamentos del Gobierno\u201d.<\/p>\n","protected":false},"excerpt":{"rendered":"<p>Molestia gener\u00f3 entre los integrantes de esta mesa de trabajo la ausencia del Delegado Presidencial Regional, Rub\u00e9n Quezada, y el secretario t\u00e9cnico de la comisi\u00f3n h\u00eddrica de la delegaci\u00f3n regional, quienes fueron convocados para conocer el detalle de los anuncios en materia de emergencia h\u00eddrica, realizados durante la \u00faltima visita presidencial a la regi\u00f3n. Diversas [&hellip;]<\/p>\n","protected":false},"author":1,"featured_media":10476,"comment_status":"open","ping_status":"open","sticky":false,"template":"","format":"standard","meta":{"tdm_status":"","tdm_grid_status":"","footnotes":"","_wpscppro_dont_share_socialmedia":false,"_wpscppro_custom_social_share_image":0,"_facebook_share_type":"","_twitter_share_type":"","_linkedin_share_type":"","_pinterest_share_type":"","_linkedin_share_type_page":"","_instagram_share_type":"","_medium_share_type":"","_threads_share_type":"","_google_business_share_type":"","_bluesky_share_type":"","_mastodon_share_type":"","_selected_social_profile":[],"_wpsp_enable_custom_social_template":false,"_wpsp_social_scheduling":{"enabled":false,"datetime":null,"platforms":[],"status":"template_only","dateOption":"today","timeOption":"now","customDays":"","customHours":"","customDate":"","customTime":"","schedulingType":"absolute"},"_wpsp_active_default_template":true},"categories":[1],"tags":[8,28,7],"class_list":["post-10475","post","type-post","status-publish","format-standard","has-post-thumbnail","hentry","category-uncategorized","tag-marketing","tag-site-tips","tag-wordpress"],"_links":{"self":[{"href":"https:\/\/www.semanariotiempo.cl\/index.php?rest_route=\/wp\/v2\/posts\/10475","targetHints":{"allow":["GET"]}}],"collection":[{"href":"https:\/\/www.semanariotiempo.cl\/index.php?rest_route=\/wp\/v2\/posts"}],"about":[{"href":"https:\/\/www.semanariotiempo.cl\/index.php?rest_route=\/wp\/v2\/types\/post"}],"author":[{"embeddable":true,"href":"https:\/\/www.semanariotiempo.cl\/index.php?rest_route=\/wp\/v2\/users\/1"}],"replies":[{"embeddable":true,"href":"https:\/\/www.semanariotiempo.cl\/index.php?rest_route=%2Fwp%2Fv2%2Fcomments&post=10475"}],"version-history":[{"count":0,"href":"https:\/\/www.semanariotiempo.cl\/index.php?rest_route=\/wp\/v2\/posts\/10475\/revisions"}],"wp:featuredmedia":[{"embeddable":true,"href":"https:\/\/www.semanariotiempo.cl\/index.php?rest_route=\/wp\/v2\/media\/10476"}],"wp:attachment":[{"href":"https:\/\/www.semanariotiempo.cl\/index.php?rest_route=%2Fwp%2Fv2%2Fmedia&parent=10475"}],"wp:term":[{"taxonomy":"category","embeddable":true,"href":"https:\/\/www.semanariotiempo.cl\/index.php?rest_route=%2Fwp%2Fv2%2Fcategories&post=10475"},{"taxonomy":"post_tag","embeddable":true,"href":"https:\/\/www.semanariotiempo.cl\/index.php?rest_route=%2Fwp%2Fv2%2Ftags&post=10475"}],"curies":[{"name":"wp","href":"https:\/\/api.w.org\/{rel}","templated":true}]}}