{"id":10418,"date":"2023-10-21T00:25:07","date_gmt":"2023-10-21T03:25:07","guid":{"rendered":"https:\/\/www.semanariotiempo.cl\/?p=10418"},"modified":"2023-10-21T00:25:10","modified_gmt":"2023-10-21T03:25:10","slug":"sma-inaugura-delegacion-exclusiva-para-la-provincia-de-choapa","status":"publish","type":"post","link":"https:\/\/www.semanariotiempo.cl\/?p=10418","title":{"rendered":"SMA inaugura delegaci\u00f3n exclusiva para la Provincia de Choapa"},"content":{"rendered":"\n<h4 class=\"wp-block-heading has-vivid-red-color has-text-color\"><strong>La oficina se encuentra al interior de la Delegaci\u00f3n Presidencial Provincial, y tendr\u00e1 como foco la fiscalizaci\u00f3n de los principales proyectos ambientales de esta zona, como tambi\u00e9n el an\u00e1lisis de denuncias.<br>Inauguraci\u00f3n se enmarca en el contexto de la visita oficial que realiz\u00f3 la Superintendenta Plumer a la Regi\u00f3n de Coquimbo y que tuvo como fin abordar distintas preocupaciones ambientales que afectan a este territorio del pa\u00eds.<\/strong><\/h4>\n\n\n<div class=\"wp-block-image\">\n<figure class=\"aligncenter size-large\"><img loading=\"lazy\" decoding=\"async\" width=\"1024\" height=\"625\" src=\"https:\/\/www.semanariotiempo.cl\/wp-content\/uploads\/2023\/10\/SMAc-1024x625.jpg\" alt=\"\" class=\"wp-image-10419\" srcset=\"https:\/\/www.semanariotiempo.cl\/wp-content\/uploads\/2023\/10\/SMAc-1024x625.jpg 1024w, https:\/\/www.semanariotiempo.cl\/wp-content\/uploads\/2023\/10\/SMAc-300x183.jpg 300w, https:\/\/www.semanariotiempo.cl\/wp-content\/uploads\/2023\/10\/SMAc-768x469.jpg 768w, https:\/\/www.semanariotiempo.cl\/wp-content\/uploads\/2023\/10\/SMAc-696x425.jpg 696w, https:\/\/www.semanariotiempo.cl\/wp-content\/uploads\/2023\/10\/SMAc-1068x652.jpg 1068w, https:\/\/www.semanariotiempo.cl\/wp-content\/uploads\/2023\/10\/SMAc-688x420.jpg 688w, https:\/\/www.semanariotiempo.cl\/wp-content\/uploads\/2023\/10\/SMAc.jpg 1200w\" sizes=\"auto, (max-width: 1024px) 100vw, 1024px\" \/><\/figure>\n<\/div>\n\n\n<p class=\"wp-block-paragraph\">La Superintendencia del Medio Ambiente (SMA) inaugur\u00f3 durante este mediod\u00eda su Delegaci\u00f3n Exclusiva Provincia de Choapa, en la comuna de Illapel, Regi\u00f3n de Coquimbo, transform\u00e1ndose en la n\u00famero 11 del pa\u00eds, que ha sido instalada por la instituci\u00f3n de manera complementaria a las oficinas regionales.<br>Esta delegaci\u00f3n permitir\u00e1 una gesti\u00f3n integrada en el territorio para la fiscalizaci\u00f3n de las distintas unidades productivas de esta zona prioritaria para la SMA, junto a una atenci\u00f3n m\u00e1s \u00e1gil de las denuncias ciudadanas que se presentan en esta localidad. La actividad cont\u00f3 con la presencia de la Superintendenta del Medio Ambiente, Marie Claude Plumer; el Delegado Presidencial Regional, Rub\u00e9n Quezada; la Delegada Presidencial Provincial Choapa, Nataly Carvajal, y el Jefe de la Oficina Regional SMA de Coquimbo, Gonzalo Parot, entre otras autoridades.<br>\u201cComo Superintendencia, estamos muy contentos de poder inaugurar una nueva Delegaci\u00f3n Exclusiva. Sabemos que hay muchos territorios en el pa\u00eds, alejados de las capitales regionales que requieren una presencia m\u00e1s permanente de nuestra instituci\u00f3n. Para nosotros, este tipo de delegaciones permite acercar la SMA al territorio, descentralizar y poder hacer una gesti\u00f3n m\u00e1s r\u00e1pida y eficaz\u201d, destac\u00f3 la Superintendenta Marie Claude Plumer.<\/p>\n\n\n\n<p class=\"wp-block-paragraph\">En tanto, la Delegada Presidencial Provincial Choapa, Nataly Carvajal, relev\u00f3 que \u201ccon esta inauguraci\u00f3n se concreta un trabajo silencioso y colaborativo entre los Servicios del Estado, que va de la mano con la descentralizaci\u00f3n de los territorios que nos ha mandatado el Presidente Gabriel Boric, permitiendo que la Superintendencia del Medio Ambiente llegue de forma m\u00e1s directa a las vecinas y vecinos de nuestra provincia\u201d.<br>Con esta nueva dependencia, la Superintendencia del Medio Ambiente suma un total de 11 delegaciones a lo largo del pa\u00eds, ya operativas en ciudades como Calama, Huasco, Quintero, Puchuncav\u00ed, Catemu, Provincia San Antonio, Coronel, Osorno, Chilo\u00e9 y Araucan\u00eda Lacustre (Puc\u00f3n). Todas ellas permiten a la instituci\u00f3n priorizar territorios que requieren atenci\u00f3n en fiscalizaci\u00f3n y acciones de correcci\u00f3n por su vulnerabilidad ambiental.<br>La delegaci\u00f3n exclusiva Provincial Choapa se encuentra en la Avenida Ecuador #220, al interior de la Delegaci\u00f3n Presidencial Provincial. Chris Walker, Ingeniero Ambiental de INACAP y M\u00e1ster en Pol\u00edticas P\u00fablicas y Sociales de la Universidad Pompeu Fabra de Barcelona, es el fiscalizador a cargo de la Delegaci\u00f3n Exclusiva.<\/p>\n","protected":false},"excerpt":{"rendered":"<p>La oficina se encuentra al interior de la Delegaci\u00f3n Presidencial Provincial, y tendr\u00e1 como foco la fiscalizaci\u00f3n de los principales proyectos ambientales de esta zona, como tambi\u00e9n el an\u00e1lisis de denuncias.Inauguraci\u00f3n se enmarca en el contexto de la visita oficial que realiz\u00f3 la Superintendenta Plumer a la Regi\u00f3n de Coquimbo y que tuvo como fin [&hellip;]<\/p>\n","protected":false},"author":1,"featured_media":10419,"comment_status":"open","ping_status":"open","sticky":false,"template":"","format":"standard","meta":{"tdm_status":"","tdm_grid_status":"","footnotes":"","_wpscppro_dont_share_socialmedia":false,"_wpscppro_custom_social_share_image":0,"_facebook_share_type":"","_twitter_share_type":"","_linkedin_share_type":"","_pinterest_share_type":"","_linkedin_share_type_page":"","_instagram_share_type":"","_medium_share_type":"","_threads_share_type":"","_google_business_share_type":"","_bluesky_share_type":"","_mastodon_share_type":"","_selected_social_profile":[],"_wpsp_enable_custom_social_template":false,"_wpsp_social_scheduling":{"enabled":false,"datetime":null,"platforms":[],"status":"template_only","dateOption":"today","timeOption":"now","customDays":"","customHours":"","customDate":"","customTime":"","schedulingType":"absolute"},"_wpsp_active_default_template":true},"categories":[1],"tags":[8,28],"class_list":["post-10418","post","type-post","status-publish","format-standard","has-post-thumbnail","hentry","category-uncategorized","tag-marketing","tag-site-tips"],"_links":{"self":[{"href":"https:\/\/www.semanariotiempo.cl\/index.php?rest_route=\/wp\/v2\/posts\/10418","targetHints":{"allow":["GET"]}}],"collection":[{"href":"https:\/\/www.semanariotiempo.cl\/index.php?rest_route=\/wp\/v2\/posts"}],"about":[{"href":"https:\/\/www.semanariotiempo.cl\/index.php?rest_route=\/wp\/v2\/types\/post"}],"author":[{"embeddable":true,"href":"https:\/\/www.semanariotiempo.cl\/index.php?rest_route=\/wp\/v2\/users\/1"}],"replies":[{"embeddable":true,"href":"https:\/\/www.semanariotiempo.cl\/index.php?rest_route=%2Fwp%2Fv2%2Fcomments&post=10418"}],"version-history":[{"count":0,"href":"https:\/\/www.semanariotiempo.cl\/index.php?rest_route=\/wp\/v2\/posts\/10418\/revisions"}],"wp:featuredmedia":[{"embeddable":true,"href":"https:\/\/www.semanariotiempo.cl\/index.php?rest_route=\/wp\/v2\/media\/10419"}],"wp:attachment":[{"href":"https:\/\/www.semanariotiempo.cl\/index.php?rest_route=%2Fwp%2Fv2%2Fmedia&parent=10418"}],"wp:term":[{"taxonomy":"category","embeddable":true,"href":"https:\/\/www.semanariotiempo.cl\/index.php?rest_route=%2Fwp%2Fv2%2Fcategories&post=10418"},{"taxonomy":"post_tag","embeddable":true,"href":"https:\/\/www.semanariotiempo.cl\/index.php?rest_route=%2Fwp%2Fv2%2Ftags&post=10418"}],"curies":[{"name":"wp","href":"https:\/\/api.w.org\/{rel}","templated":true}]}}