{"id":10390,"date":"2023-10-19T18:06:43","date_gmt":"2023-10-19T21:06:43","guid":{"rendered":"https:\/\/www.semanariotiempo.cl\/?p=10390"},"modified":"2023-10-19T18:06:46","modified_gmt":"2023-10-19T21:06:46","slug":"astroturismo-avanza-proyecto-de-planetario-en-la-serena-que-se-ubicaria-en-altovalsol","status":"publish","type":"post","link":"https:\/\/www.semanariotiempo.cl\/?p=10390","title":{"rendered":"Astroturismo: Avanza proyecto de planetario en La Serena que se ubicar\u00eda en Altovalsol"},"content":{"rendered":"\n<h4 class=\"wp-block-heading has-vivid-red-color has-text-color\"><strong>Salas did\u00e1cticas, \u00e1reas de recreaci\u00f3n y un domo principal para 80 personas son parte de las instalaciones contempladas en recinto que se pretende levantar en el sector rural de la comuna.<\/strong><\/h4>\n\n\n<div class=\"wp-block-image\">\n<figure class=\"aligncenter size-large\"><img loading=\"lazy\" decoding=\"async\" width=\"1024\" height=\"575\" src=\"https:\/\/www.semanariotiempo.cl\/wp-content\/uploads\/2023\/10\/Proyeccion-Planetario-1-1024x575.jpg\" alt=\"\" class=\"wp-image-10391\" srcset=\"https:\/\/www.semanariotiempo.cl\/wp-content\/uploads\/2023\/10\/Proyeccion-Planetario-1-1024x575.jpg 1024w, https:\/\/www.semanariotiempo.cl\/wp-content\/uploads\/2023\/10\/Proyeccion-Planetario-1-300x169.jpg 300w, https:\/\/www.semanariotiempo.cl\/wp-content\/uploads\/2023\/10\/Proyeccion-Planetario-1-768x431.jpg 768w, https:\/\/www.semanariotiempo.cl\/wp-content\/uploads\/2023\/10\/Proyeccion-Planetario-1-696x391.jpg 696w, https:\/\/www.semanariotiempo.cl\/wp-content\/uploads\/2023\/10\/Proyeccion-Planetario-1-1068x600.jpg 1068w, https:\/\/www.semanariotiempo.cl\/wp-content\/uploads\/2023\/10\/Proyeccion-Planetario-1-748x420.jpg 748w, https:\/\/www.semanariotiempo.cl\/wp-content\/uploads\/2023\/10\/Proyeccion-Planetario-1.jpg 1200w\" sizes=\"auto, (max-width: 1024px) 100vw, 1024px\" \/><\/figure>\n<\/div>\n\n\n<p class=\"wp-block-paragraph\">Con la misi\u00f3n de ofrecer un moderno espacio que revele las maravillas del universo de forma did\u00e1ctica y asequible para estudiantes, comunidad y turistas, la Corporaci\u00f3n Municipal Gabriel Gonz\u00e1lez Videla trabaja en el dise\u00f1o de un planetario comunal de alto est\u00e1ndar con capacidad para recibir a m\u00e1s de 100 personas.<br>El proyecto viene avanzando desde julio de 2022 con el asesoramiento t\u00e9cnico de la Universidad de Santiago, quienes administran \u201cPlanetario Chile\u201d, espacio que ha cumplido 36 a\u00f1os siendo considerado como uno de los 50 centros audiovisuales de difusi\u00f3n astron\u00f3mica m\u00e1s importantes a nivel mundial, junto con incorporar una variada gama de espect\u00e1culos art\u00edsticos musicales en su cartelera.<br>De momento, la opci\u00f3n que se visualiza es disponer de un terreno municipal emplazado en la localidad de Altovalsol, cuyas caracter\u00edsticas f\u00edsicas y de localizaci\u00f3n, en una de las puertas de entrada al Valle de Elqui, lo convierten en un espacio ideal, seg\u00fan afirman desde la Corporaci\u00f3n Municipal. Desde la misma instituci\u00f3n se\u00f1alan que el ante proyecto avanzado fue presentado ante las autoridades regionales de la Serem\u00eda del Ministerio de Obras P\u00fablicas, recibiendo muy buenos comentarios referentes a su concreci\u00f3n, motivo por el cual se estudian diversas v\u00edas de financiamiento.<\/p>\n\n\n\n<p class=\"wp-block-paragraph\">El \u201cPlanetario Comunal\u201d contar\u00e1 con un domo principal para 80 personas, observatorio, salas de exposici\u00f3n, un sal\u00f3n auditorio, oficinas administrativas, sala did\u00e1ctica, cafeter\u00eda, tienda, bodegas, estacionamientos, una plaza de acceso exterior y \u00e1reas de recreaci\u00f3n para los visitantes, con el objetivo principal llenar un vac\u00edo existente en la comuna al proporcionar un espacio educativo dedicado a la difusi\u00f3n cient\u00edfica y cultural que actualmente se encuentra ausente.<\/p>\n","protected":false},"excerpt":{"rendered":"<p>Salas did\u00e1cticas, \u00e1reas de recreaci\u00f3n y un domo principal para 80 personas son parte de las instalaciones contempladas en recinto que se pretende levantar en el sector rural de la comuna. Con la misi\u00f3n de ofrecer un moderno espacio que revele las maravillas del universo de forma did\u00e1ctica y asequible para estudiantes, comunidad y turistas, [&hellip;]<\/p>\n","protected":false},"author":1,"featured_media":10391,"comment_status":"open","ping_status":"open","sticky":false,"template":"","format":"standard","meta":{"tdm_status":"","tdm_grid_status":"","footnotes":"","_wpscppro_dont_share_socialmedia":false,"_wpscppro_custom_social_share_image":0,"_facebook_share_type":"","_twitter_share_type":"","_linkedin_share_type":"","_pinterest_share_type":"","_linkedin_share_type_page":"","_instagram_share_type":"","_medium_share_type":"","_threads_share_type":"","_google_business_share_type":"","_bluesky_share_type":"","_mastodon_share_type":"","_selected_social_profile":[],"_wpsp_enable_custom_social_template":false,"_wpsp_social_scheduling":{"enabled":false,"datetime":null,"platforms":[],"status":"template_only","dateOption":"today","timeOption":"now","customDays":"","customHours":"","customDate":"","customTime":"","schedulingType":"absolute"},"_wpsp_active_default_template":true},"categories":[1],"tags":[8,28],"class_list":["post-10390","post","type-post","status-publish","format-standard","has-post-thumbnail","hentry","category-uncategorized","tag-marketing","tag-site-tips"],"_links":{"self":[{"href":"https:\/\/www.semanariotiempo.cl\/index.php?rest_route=\/wp\/v2\/posts\/10390","targetHints":{"allow":["GET"]}}],"collection":[{"href":"https:\/\/www.semanariotiempo.cl\/index.php?rest_route=\/wp\/v2\/posts"}],"about":[{"href":"https:\/\/www.semanariotiempo.cl\/index.php?rest_route=\/wp\/v2\/types\/post"}],"author":[{"embeddable":true,"href":"https:\/\/www.semanariotiempo.cl\/index.php?rest_route=\/wp\/v2\/users\/1"}],"replies":[{"embeddable":true,"href":"https:\/\/www.semanariotiempo.cl\/index.php?rest_route=%2Fwp%2Fv2%2Fcomments&post=10390"}],"version-history":[{"count":0,"href":"https:\/\/www.semanariotiempo.cl\/index.php?rest_route=\/wp\/v2\/posts\/10390\/revisions"}],"wp:featuredmedia":[{"embeddable":true,"href":"https:\/\/www.semanariotiempo.cl\/index.php?rest_route=\/wp\/v2\/media\/10391"}],"wp:attachment":[{"href":"https:\/\/www.semanariotiempo.cl\/index.php?rest_route=%2Fwp%2Fv2%2Fmedia&parent=10390"}],"wp:term":[{"taxonomy":"category","embeddable":true,"href":"https:\/\/www.semanariotiempo.cl\/index.php?rest_route=%2Fwp%2Fv2%2Fcategories&post=10390"},{"taxonomy":"post_tag","embeddable":true,"href":"https:\/\/www.semanariotiempo.cl\/index.php?rest_route=%2Fwp%2Fv2%2Ftags&post=10390"}],"curies":[{"name":"wp","href":"https:\/\/api.w.org\/{rel}","templated":true}]}}