{"id":10379,"date":"2023-10-17T20:33:52","date_gmt":"2023-10-17T23:33:52","guid":{"rendered":"https:\/\/www.semanariotiempo.cl\/?p=10379"},"modified":"2023-10-17T20:33:55","modified_gmt":"2023-10-17T23:33:55","slug":"felipe-paez-cchc-la-serena-el-trazado-de-esta-circunvalacion-ruta-5-afectaria-al-menos-100-hectareas-impactando-a-mas-de-10-mil-nuevas-viviendas","status":"publish","type":"post","link":"https:\/\/www.semanariotiempo.cl\/?p=10379","title":{"rendered":"Felipe P\u00e1ez, CChC La Serena: \u201cEl trazado de esta circunvalaci\u00f3n (Ruta 5) afectar\u00eda al menos 100 hect\u00e1reas, impactando a m\u00e1s de 10 mil nuevas viviendas\u201d"},"content":{"rendered":"\n<h4 class=\"wp-block-heading has-vivid-red-color has-text-color\"><strong>L\u00edder gremial considera que el perjuicio incluir\u00eda a terrenos donde se contempla la construcci\u00f3n de viviendas considerados en el Plan de Emergencia Habitacional, iniciativa presidencial que busca reducir el d\u00e9ficit habitacional.<\/strong><\/h4>\n\n\n<div class=\"wp-block-image\">\n<figure class=\"aligncenter size-full\"><img loading=\"lazy\" decoding=\"async\" width=\"800\" height=\"658\" src=\"https:\/\/www.semanariotiempo.cl\/wp-content\/uploads\/2023\/10\/Felipe-Paez-presidente-de-la-CChC-La-Serena-junto-a-su-antecesor-Daniel-Mas.jpg\" alt=\"\" class=\"wp-image-10380\" srcset=\"https:\/\/www.semanariotiempo.cl\/wp-content\/uploads\/2023\/10\/Felipe-Paez-presidente-de-la-CChC-La-Serena-junto-a-su-antecesor-Daniel-Mas.jpg 800w, https:\/\/www.semanariotiempo.cl\/wp-content\/uploads\/2023\/10\/Felipe-Paez-presidente-de-la-CChC-La-Serena-junto-a-su-antecesor-Daniel-Mas-300x247.jpg 300w, https:\/\/www.semanariotiempo.cl\/wp-content\/uploads\/2023\/10\/Felipe-Paez-presidente-de-la-CChC-La-Serena-junto-a-su-antecesor-Daniel-Mas-768x632.jpg 768w, https:\/\/www.semanariotiempo.cl\/wp-content\/uploads\/2023\/10\/Felipe-Paez-presidente-de-la-CChC-La-Serena-junto-a-su-antecesor-Daniel-Mas-696x572.jpg 696w, https:\/\/www.semanariotiempo.cl\/wp-content\/uploads\/2023\/10\/Felipe-Paez-presidente-de-la-CChC-La-Serena-junto-a-su-antecesor-Daniel-Mas-511x420.jpg 511w\" sizes=\"auto, (max-width: 800px) 100vw, 800px\" \/><\/figure>\n<\/div>\n\n\n<p class=\"wp-block-paragraph\">\u201cEl trazado de esta circunvalaci\u00f3n, en La Serena, tal como se plantea, cruza por un gran polo de desarrollo que fue aprobado por el Plan Regulador de esta comuna, por lo que afectar\u00eda al menos 100 hect\u00e1reas, impactando a m\u00e1s de 10 mil nuevas viviendas, en terrenos destinadas en gran parte a viviendas del Plan de Emergencia Habitacional\u201d.<br>La dura frase fue esgrimida por el presidente de la C\u00e1mara Chilena de la Construcci\u00f3n (CChC), sede La Serena, Felipe P\u00e1ez, quien consider\u00f3 la alternativa proyectada por las autoridades para reemplazar la modernizaci\u00f3n del actual trazado de la Ruta 5 entre La Serena y Coquimbo, incluido en el proyecto la concesi\u00f3n adjudicada a la empresa Sacyr, no solo perjudica el dinamismo del sector privado, sino que la construcci\u00f3n de viviendas en el Plan de Emergencia Habitacional, iniciativa presidencial que busca reducir el enorme d\u00e9ficit habitacional.<br>Cabe recordar que el gremio local indic\u00f3 que se viene alertando una disminuci\u00f3n significativa de nuevas inversiones para materializar proyectos inmobiliarios. El sector de San Ram\u00f3n, en La Serena, ser\u00eda el m\u00e1s perjudicado por la medida.<br>\u201cLo cierto es que si se aprueba, no vemos un futuro auspicioso en t\u00e9rminos de mayor dinamismo en el mercado inmobiliario, lo que finalmente va en desmedro de nuestros habitantes, afectando fuertemente al empleo y al aumento del trabajo informal. Nuestro foco como gremio es contribuir a mejorar la calidad de vida de las personas, de all\u00ed nuestra preocupaci\u00f3n respecto a tomar buenas decisiones por el bien de todos\u201d, recalc\u00f3 P\u00e1ez.<br>Agreg\u00f3 que se har\u00e1 entrega, oportunamente, de las observaciones del gremio a este trazado, una vez que sea oficialmente publicado. En ese sentido, de acuerdo a estimaciones del Ministerio de Obras P\u00fablicas, la decisi\u00f3n definitiva de contemplar un bypass se tomar\u00e1 a mediados del pr\u00f3ximo a\u00f1o y ser\u00e1 adoptada por el propio presidente de la Rep\u00fablica, Gabriel Boric y la ministra Jessica L\u00f3pez.<\/p>\n","protected":false},"excerpt":{"rendered":"<p>L\u00edder gremial considera que el perjuicio incluir\u00eda a terrenos donde se contempla la construcci\u00f3n de viviendas considerados en el Plan de Emergencia Habitacional, iniciativa presidencial que busca reducir el d\u00e9ficit habitacional. \u201cEl trazado de esta circunvalaci\u00f3n, en La Serena, tal como se plantea, cruza por un gran polo de desarrollo que fue aprobado por el [&hellip;]<\/p>\n","protected":false},"author":1,"featured_media":10380,"comment_status":"open","ping_status":"open","sticky":false,"template":"","format":"standard","meta":{"tdm_status":"","tdm_grid_status":"","footnotes":"","_wpscppro_dont_share_socialmedia":false,"_wpscppro_custom_social_share_image":0,"_facebook_share_type":"","_twitter_share_type":"","_linkedin_share_type":"","_pinterest_share_type":"","_linkedin_share_type_page":"","_instagram_share_type":"","_medium_share_type":"","_threads_share_type":"","_google_business_share_type":"","_bluesky_share_type":"","_mastodon_share_type":"","_selected_social_profile":[],"_wpsp_enable_custom_social_template":false,"_wpsp_social_scheduling":{"enabled":false,"datetime":null,"platforms":[],"status":"template_only","dateOption":"today","timeOption":"now","customDays":"","customHours":"","customDate":"","customTime":"","schedulingType":"absolute"},"_wpsp_active_default_template":true},"categories":[1],"tags":[8,5],"class_list":["post-10379","post","type-post","status-publish","format-standard","has-post-thumbnail","hentry","category-uncategorized","tag-marketing","tag-website"],"_links":{"self":[{"href":"https:\/\/www.semanariotiempo.cl\/index.php?rest_route=\/wp\/v2\/posts\/10379","targetHints":{"allow":["GET"]}}],"collection":[{"href":"https:\/\/www.semanariotiempo.cl\/index.php?rest_route=\/wp\/v2\/posts"}],"about":[{"href":"https:\/\/www.semanariotiempo.cl\/index.php?rest_route=\/wp\/v2\/types\/post"}],"author":[{"embeddable":true,"href":"https:\/\/www.semanariotiempo.cl\/index.php?rest_route=\/wp\/v2\/users\/1"}],"replies":[{"embeddable":true,"href":"https:\/\/www.semanariotiempo.cl\/index.php?rest_route=%2Fwp%2Fv2%2Fcomments&post=10379"}],"version-history":[{"count":0,"href":"https:\/\/www.semanariotiempo.cl\/index.php?rest_route=\/wp\/v2\/posts\/10379\/revisions"}],"wp:featuredmedia":[{"embeddable":true,"href":"https:\/\/www.semanariotiempo.cl\/index.php?rest_route=\/wp\/v2\/media\/10380"}],"wp:attachment":[{"href":"https:\/\/www.semanariotiempo.cl\/index.php?rest_route=%2Fwp%2Fv2%2Fmedia&parent=10379"}],"wp:term":[{"taxonomy":"category","embeddable":true,"href":"https:\/\/www.semanariotiempo.cl\/index.php?rest_route=%2Fwp%2Fv2%2Fcategories&post=10379"},{"taxonomy":"post_tag","embeddable":true,"href":"https:\/\/www.semanariotiempo.cl\/index.php?rest_route=%2Fwp%2Fv2%2Ftags&post=10379"}],"curies":[{"name":"wp","href":"https:\/\/api.w.org\/{rel}","templated":true}]}}