{"id":10373,"date":"2023-10-17T20:23:46","date_gmt":"2023-10-17T23:23:46","guid":{"rendered":"https:\/\/www.semanariotiempo.cl\/?p=10373"},"modified":"2023-10-17T20:23:49","modified_gmt":"2023-10-17T23:23:49","slug":"en-sector-alto-de-la-serena-comprometen-apoyo-para-concretar-construccion-de-parque-inclusivo-san-joaquin","status":"publish","type":"post","link":"https:\/\/www.semanariotiempo.cl\/?p=10373","title":{"rendered":"En sector alto de La Serena: Comprometen apoyo para concretar construcci\u00f3n de Parque Inclusivo San Joaqu\u00edn"},"content":{"rendered":"\n<h4 class=\"wp-block-heading has-vivid-red-color has-text-color\"><strong>En reuni\u00f3n con el alcalde Roberto Jacob, la ministra de Desarrollo Social, Javiera Toro, confirm\u00f3 al jefe comunal que priorizar\u00e1 el impulso para \u00e9ste y otros tres proyectos m\u00e1s de gran importancia para los habitantes de la comuna que permanecen retrasados.<\/strong><\/h4>\n\n\n<div class=\"wp-block-image\">\n<figure class=\"aligncenter size-large\"><img loading=\"lazy\" decoding=\"async\" width=\"1024\" height=\"683\" src=\"https:\/\/www.semanariotiempo.cl\/wp-content\/uploads\/2023\/10\/parque-inclusivo-03-1024x683.jpg\" alt=\"\" class=\"wp-image-10374\" srcset=\"https:\/\/www.semanariotiempo.cl\/wp-content\/uploads\/2023\/10\/parque-inclusivo-03-1024x683.jpg 1024w, https:\/\/www.semanariotiempo.cl\/wp-content\/uploads\/2023\/10\/parque-inclusivo-03-300x200.jpg 300w, https:\/\/www.semanariotiempo.cl\/wp-content\/uploads\/2023\/10\/parque-inclusivo-03-768x512.jpg 768w, https:\/\/www.semanariotiempo.cl\/wp-content\/uploads\/2023\/10\/parque-inclusivo-03-696x464.jpg 696w, https:\/\/www.semanariotiempo.cl\/wp-content\/uploads\/2023\/10\/parque-inclusivo-03-1068x712.jpg 1068w, https:\/\/www.semanariotiempo.cl\/wp-content\/uploads\/2023\/10\/parque-inclusivo-03-630x420.jpg 630w, https:\/\/www.semanariotiempo.cl\/wp-content\/uploads\/2023\/10\/parque-inclusivo-03.jpg 1200w\" sizes=\"auto, (max-width: 1024px) 100vw, 1024px\" \/><\/figure>\n<\/div>\n\n\n<p class=\"wp-block-paragraph\">Una provechosa reuni\u00f3n sostuvo en el municipio el alcalde de La Serena, Roberto Jacob, con la ministra de Desarrollo Social y Familia, Javiera Toro, quien estuvo acompa\u00f1ada por el Seremi de esta cartera, Eduardo Alcayaga, durante la visita que la personera de gobierno efectu\u00f3 a la capital regional.<br>En la oportunidad abordaron principalmente temas relacionados a agilizar el proceso de recuperaci\u00f3n de los RS -aprobaci\u00f3n t\u00e9cnica para que sean financiados por el Gobierno Regional- que est\u00e1n vencidos por tiempo transcurrido entre la aprobaci\u00f3n inicial y las licitaciones asociadas a ellos, a fin de avanzar en importantes iniciativas para los vecinos de La Serena, como son la Cancha del Club Deportivo Monjitas Oriente, la Avenida de Aguirre (bandej\u00f3n tramo entre Ruta 5 y el Faro Monumental), la Feria de Abastos de Las Compa\u00f1\u00edas y el Parque San Joaqu\u00edn.<br>\u201cHay distintos temas que el alcalde nos ha se\u00f1alado como prioritarios y el Seremi les dar\u00e1 una especial atenci\u00f3n. Hay proyectos que requieren ser reingresados o que necesitan mayores antecedentes, pero ese apoyo para que eso funcione est\u00e1 de parte nuestra y del Seremi, quien ha demostrado tambi\u00e9n su voluntad de trabajo\u201d, expres\u00f3 la ministra Toro.<br>Por ello, el alcalde Jacob valor\u00f3 la instancia para haber podido dialogar y plantear estas situaciones, especialmente, para que avancen proyectos como el citado parque inclusivo. \u201cSiempre es bueno que venga una ministra. Ella solicit\u00f3 la reuni\u00f3n y eso es importante, porque denota que hay preocupaci\u00f3n. Conversamos distintos proyectos, como el parque San Joaqu\u00edn, que nos preocupa much\u00edsimo, porque los vecinos est\u00e1n muy inquietos, y ella habl\u00f3 con el Seremi, que estaba presente, para que le diera prioridad y urgencia, porque no puede seguir esperando. Dijo que estaba a disposici\u00f3n y que \u00edbamos a mantener las conversaciones directas con ella as\u00ed como por intermedio del Seremi, pero lo m\u00e1s importante es que hay voluntad. Uno pelea estas cosas por el bien de la ciudad y de la gente que ha luchado por estos proyectos y espero que despu\u00e9s de esta reuni\u00f3n se agilicen los plazos, los tr\u00e1mites, y podamos llegar una pronta finalizaci\u00f3n de todo lo que falta para iniciar la licitaci\u00f3n de este proyecto y los dem\u00e1s proyectos\u201d, puntualiz\u00f3 el edil, quien estuvo acompa\u00f1ado por el Secplan del municipio, Sergio Rojas, para profundizar precisamente en los aspectos t\u00e9cnicos de estas iniciativas que buscan implementarse en distintos sectores de la comuna.<\/p>\n","protected":false},"excerpt":{"rendered":"<p>En reuni\u00f3n con el alcalde Roberto Jacob, la ministra de Desarrollo Social, Javiera Toro, confirm\u00f3 al jefe comunal que priorizar\u00e1 el impulso para \u00e9ste y otros tres proyectos m\u00e1s de gran importancia para los habitantes de la comuna que permanecen retrasados. Una provechosa reuni\u00f3n sostuvo en el municipio el alcalde de La Serena, Roberto Jacob, [&hellip;]<\/p>\n","protected":false},"author":1,"featured_media":10374,"comment_status":"open","ping_status":"open","sticky":false,"template":"","format":"standard","meta":{"tdm_status":"","tdm_grid_status":"","footnotes":"","_wpscppro_dont_share_socialmedia":false,"_wpscppro_custom_social_share_image":0,"_facebook_share_type":"","_twitter_share_type":"","_linkedin_share_type":"","_pinterest_share_type":"","_linkedin_share_type_page":"","_instagram_share_type":"","_medium_share_type":"","_threads_share_type":"","_google_business_share_type":"","_bluesky_share_type":"","_mastodon_share_type":"","_selected_social_profile":[],"_wpsp_enable_custom_social_template":false,"_wpsp_social_scheduling":{"enabled":false,"datetime":null,"platforms":[],"status":"template_only","dateOption":"today","timeOption":"now","customDays":"","customHours":"","customDate":"","customTime":"","schedulingType":"absolute"},"_wpsp_active_default_template":true},"categories":[1],"tags":[24,28],"class_list":["post-10373","post","type-post","status-publish","format-standard","has-post-thumbnail","hentry","category-uncategorized","tag-flatnews","tag-site-tips"],"_links":{"self":[{"href":"https:\/\/www.semanariotiempo.cl\/index.php?rest_route=\/wp\/v2\/posts\/10373","targetHints":{"allow":["GET"]}}],"collection":[{"href":"https:\/\/www.semanariotiempo.cl\/index.php?rest_route=\/wp\/v2\/posts"}],"about":[{"href":"https:\/\/www.semanariotiempo.cl\/index.php?rest_route=\/wp\/v2\/types\/post"}],"author":[{"embeddable":true,"href":"https:\/\/www.semanariotiempo.cl\/index.php?rest_route=\/wp\/v2\/users\/1"}],"replies":[{"embeddable":true,"href":"https:\/\/www.semanariotiempo.cl\/index.php?rest_route=%2Fwp%2Fv2%2Fcomments&post=10373"}],"version-history":[{"count":0,"href":"https:\/\/www.semanariotiempo.cl\/index.php?rest_route=\/wp\/v2\/posts\/10373\/revisions"}],"wp:featuredmedia":[{"embeddable":true,"href":"https:\/\/www.semanariotiempo.cl\/index.php?rest_route=\/wp\/v2\/media\/10374"}],"wp:attachment":[{"href":"https:\/\/www.semanariotiempo.cl\/index.php?rest_route=%2Fwp%2Fv2%2Fmedia&parent=10373"}],"wp:term":[{"taxonomy":"category","embeddable":true,"href":"https:\/\/www.semanariotiempo.cl\/index.php?rest_route=%2Fwp%2Fv2%2Fcategories&post=10373"},{"taxonomy":"post_tag","embeddable":true,"href":"https:\/\/www.semanariotiempo.cl\/index.php?rest_route=%2Fwp%2Fv2%2Ftags&post=10373"}],"curies":[{"name":"wp","href":"https:\/\/api.w.org\/{rel}","templated":true}]}}