{"id":10361,"date":"2023-10-16T19:32:07","date_gmt":"2023-10-16T22:32:07","guid":{"rendered":"https:\/\/www.semanariotiempo.cl\/?p=10361"},"modified":"2023-10-16T19:32:10","modified_gmt":"2023-10-16T22:32:10","slug":"sag-anuncia-prohibicion-de-plaguicidas-peligrosos-y-establece-nuevas-medidas-para-uso-de-agroquimicos-mas-sustentables","status":"publish","type":"post","link":"https:\/\/www.semanariotiempo.cl\/?p=10361","title":{"rendered":"SAG anuncia prohibici\u00f3n de plaguicidas peligrosos y establece nuevas medidas para uso de agroqu\u00edmicos m\u00e1s sustentables"},"content":{"rendered":"\n<h4 class=\"wp-block-heading has-vivid-red-color has-text-color\"><strong>Una nueva normativa que fomenta el uso de estos plaguicidas, junto a la prohibici\u00f3n de 151 agroqu\u00edmicos por su alta peligrosidad y la creaci\u00f3n de la Comisi\u00f3n Asesora P\u00fablico-Privada en materia de plaguicidas, son las tres nuevas medidas anunciadas por el Servicio Agr\u00edcola y Ganadero.<\/strong><\/h4>\n\n\n<div class=\"wp-block-image\">\n<figure class=\"aligncenter size-full\"><img loading=\"lazy\" decoding=\"async\" width=\"960\" height=\"720\" src=\"https:\/\/www.semanariotiempo.cl\/wp-content\/uploads\/2023\/10\/FISCALIZACION-DE-PLAGUICIDAS-5.jpg\" alt=\"\" class=\"wp-image-10362\" srcset=\"https:\/\/www.semanariotiempo.cl\/wp-content\/uploads\/2023\/10\/FISCALIZACION-DE-PLAGUICIDAS-5.jpg 960w, https:\/\/www.semanariotiempo.cl\/wp-content\/uploads\/2023\/10\/FISCALIZACION-DE-PLAGUICIDAS-5-300x225.jpg 300w, https:\/\/www.semanariotiempo.cl\/wp-content\/uploads\/2023\/10\/FISCALIZACION-DE-PLAGUICIDAS-5-768x576.jpg 768w, https:\/\/www.semanariotiempo.cl\/wp-content\/uploads\/2023\/10\/FISCALIZACION-DE-PLAGUICIDAS-5-696x522.jpg 696w, https:\/\/www.semanariotiempo.cl\/wp-content\/uploads\/2023\/10\/FISCALIZACION-DE-PLAGUICIDAS-5-560x420.jpg 560w, https:\/\/www.semanariotiempo.cl\/wp-content\/uploads\/2023\/10\/FISCALIZACION-DE-PLAGUICIDAS-5-80x60.jpg 80w, https:\/\/www.semanariotiempo.cl\/wp-content\/uploads\/2023\/10\/FISCALIZACION-DE-PLAGUICIDAS-5-265x198.jpg 265w\" sizes=\"auto, (max-width: 960px) 100vw, 960px\" \/><\/figure>\n<\/div>\n\n\n<p class=\"wp-block-paragraph\">El Servicio Agr\u00edcola y Ganadero, SAG, a trav\u00e9s de su director nacional Jos\u00e9 Guajardo Reyes, anunci\u00f3 una serie de medidas en materia de plaguicidas con el fin de avanzar hacia una agricultura m\u00e1s sustentable. Es as\u00ed como se firm\u00f3 la resoluci\u00f3n que proh\u00edbe el uso de 14 grupos de plaguicidas por su alta peligrosidad para las personas, animales y medio ambiente, lo que se traduce en 151 presentaciones comerciales. Junto con ello, se present\u00f3 una nueva normativa que propicia el empleo de plaguicidas en base a extractos naturales y se cre\u00f3 la Comisi\u00f3n Asesora P\u00fablico \u2013 Privada del SAG que buscar\u00e1 mejorar y modernizar la normativa de agroqu\u00edmicos en nuestro pa\u00eds.<br><br>En la ocasi\u00f3n el Director Nacional del SAG, Jos\u00e9 Guajardo Reyes, se\u00f1al\u00f3 que \u201cLa firma de todos los concurrentes, el sector p\u00fablico y el sector privado, en un d\u00eda tan importante como hoy El D\u00eda Nacional del Medio Ambiente, estamos firmando tres resoluciones. Una resoluci\u00f3n que nos habla de la prohibici\u00f3n de agroqu\u00edmicos que pueden provocar da\u00f1os a la salud de las personas, a los animales y al medio ambiente. Es una prohibici\u00f3n pero, que por otro lado, hay una resoluci\u00f3n tambi\u00e9n para el uso de extractos naturales, bioinsumos productos que sean amigables con el medio ambiente y la tercera resoluci\u00f3n, muy importante, que crea una Comisi\u00f3n Asesora para el SAG, pero constituida por todos los sectores, p\u00fablicos y privados. Aqu\u00ed los convocamos a todos para conversar de agroqu\u00edmicos, para conversar de prohibiciones, pero tambi\u00e9n de apertura a nuevos productos y de un nuevo mundo, basado en bioinsumos, en extractos naturales. Es un d\u00eda importante para nuestro pa\u00eds y para la agricultura, pensando en lo que nos pide nuestro presidente Gabriel Boric, una agricultura m\u00e1s sustentable para un pa\u00eds mucho m\u00e1s verde\u201d.<br><br>En cuanto a la resoluci\u00f3n de prohibici\u00f3n de fabricaci\u00f3n, importaci\u00f3n, distribuci\u00f3n, venta, tenencia y aplicaci\u00f3n de 14 sustancias activas de plaguicidas, como por ejemplo Binapacrilo, Captafol, Clorobencilato y Dicloruro de etileno, entre varios otros; estas se encuentran listadas en los convenios de Rotterdam y Estocolmo como compuestos con efectos no deseables para la salud de las personas, animales y medio ambiente, y que si bien no tienen productos vigentes en nuestro pa\u00eds, tampoco podr\u00e1n ser registrados ni utilizados en nuestro territorio.<\/p>\n\n\n\n<p class=\"wp-block-paragraph\"><strong>Plaguicidas naturales<\/strong><br>En tanto, la resoluci\u00f3n de autorizaci\u00f3n de plaguicidas generados en base a extractos naturales busca establecer un marco normativo especial para los agroqu\u00edmicos generados en base a sustancias obtenidas a partir de or\u00edgenes microbianos, vegetales, animales y minerales, que est\u00e1n presentes en la naturaleza, act\u00faan en bajas dosis, tienen corta persistencia ambiental y su especificidad les da un efecto inocuo sobre las personas, animales y organismos en general, lo que los convierte en una potente herramienta para el manejo integrado de plagas, que es una estrategia fundamental para el desarrollo sustentable de la agricultura.<br><br>Esta iniciativa se suma a una serie de normativas dictadas recientemente por el SAG, que buscan dar un giro en el tipo de plaguicidas utilizados en nuestra agricultura ofreciendo una paleta de productos m\u00e1s sustentables y de menor impacto en el medio ambiente. Es as\u00ed como ya se encuentran vigentes las resoluciones de plaguicidas microbianos (2019), la de plaguicidas semioqu\u00edmicos (2022), lo cual se suma ahora a la norma de extractos naturales, en un camino en que el Servicio seguir\u00e1 buscando nuevas alternativas.<\/p>\n","protected":false},"excerpt":{"rendered":"<p>Una nueva normativa que fomenta el uso de estos plaguicidas, junto a la prohibici\u00f3n de 151 agroqu\u00edmicos por su alta peligrosidad y la creaci\u00f3n de la Comisi\u00f3n Asesora P\u00fablico-Privada en materia de plaguicidas, son las tres nuevas medidas anunciadas por el Servicio Agr\u00edcola y Ganadero. El Servicio Agr\u00edcola y Ganadero, SAG, a trav\u00e9s de su [&hellip;]<\/p>\n","protected":false},"author":1,"featured_media":10362,"comment_status":"open","ping_status":"open","sticky":false,"template":"","format":"standard","meta":{"tdm_status":"","tdm_grid_status":"","footnotes":"","_wpscppro_dont_share_socialmedia":false,"_wpscppro_custom_social_share_image":0,"_facebook_share_type":"","_twitter_share_type":"","_linkedin_share_type":"","_pinterest_share_type":"","_linkedin_share_type_page":"","_instagram_share_type":"","_medium_share_type":"","_threads_share_type":"","_google_business_share_type":"","_bluesky_share_type":"","_mastodon_share_type":"","_selected_social_profile":[],"_wpsp_enable_custom_social_template":false,"_wpsp_social_scheduling":{"enabled":false,"datetime":null,"platforms":[],"status":"template_only","dateOption":"today","timeOption":"now","customDays":"","customHours":"","customDate":"","customTime":"","schedulingType":"absolute"},"_wpsp_active_default_template":true},"categories":[1],"tags":[8,7],"class_list":["post-10361","post","type-post","status-publish","format-standard","has-post-thumbnail","hentry","category-uncategorized","tag-marketing","tag-wordpress"],"_links":{"self":[{"href":"https:\/\/www.semanariotiempo.cl\/index.php?rest_route=\/wp\/v2\/posts\/10361","targetHints":{"allow":["GET"]}}],"collection":[{"href":"https:\/\/www.semanariotiempo.cl\/index.php?rest_route=\/wp\/v2\/posts"}],"about":[{"href":"https:\/\/www.semanariotiempo.cl\/index.php?rest_route=\/wp\/v2\/types\/post"}],"author":[{"embeddable":true,"href":"https:\/\/www.semanariotiempo.cl\/index.php?rest_route=\/wp\/v2\/users\/1"}],"replies":[{"embeddable":true,"href":"https:\/\/www.semanariotiempo.cl\/index.php?rest_route=%2Fwp%2Fv2%2Fcomments&post=10361"}],"version-history":[{"count":0,"href":"https:\/\/www.semanariotiempo.cl\/index.php?rest_route=\/wp\/v2\/posts\/10361\/revisions"}],"wp:featuredmedia":[{"embeddable":true,"href":"https:\/\/www.semanariotiempo.cl\/index.php?rest_route=\/wp\/v2\/media\/10362"}],"wp:attachment":[{"href":"https:\/\/www.semanariotiempo.cl\/index.php?rest_route=%2Fwp%2Fv2%2Fmedia&parent=10361"}],"wp:term":[{"taxonomy":"category","embeddable":true,"href":"https:\/\/www.semanariotiempo.cl\/index.php?rest_route=%2Fwp%2Fv2%2Fcategories&post=10361"},{"taxonomy":"post_tag","embeddable":true,"href":"https:\/\/www.semanariotiempo.cl\/index.php?rest_route=%2Fwp%2Fv2%2Ftags&post=10361"}],"curies":[{"name":"wp","href":"https:\/\/api.w.org\/{rel}","templated":true}]}}