{"id":10334,"date":"2023-10-12T19:57:06","date_gmt":"2023-10-12T22:57:06","guid":{"rendered":"https:\/\/www.semanariotiempo.cl\/?p=10334"},"modified":"2023-10-12T19:57:09","modified_gmt":"2023-10-12T22:57:09","slug":"concejo-comunal-de-la-serena-aprueba-convenio-mandato-con-el-gore-para-reparar-cerca-de-1-400-metros-cuadrados-de-pavimentos","status":"publish","type":"post","link":"https:\/\/www.semanariotiempo.cl\/?p=10334","title":{"rendered":"Concejo Comunal de La Serena aprueba convenio mandato con el GORE para reparar cerca de 1.400 metros cuadrados de pavimentos"},"content":{"rendered":"\n<h4 class=\"wp-block-heading has-vivid-red-color has-text-color\"><strong>El proyecto contempla el arreglo de eventos de sectores de La Pampa, La Antena, Las Compa\u00f1\u00edas y Avenida del Mar, abarcando calzadas de hormig\u00f3n, veredas y calzadas de asfalto.<\/strong><\/h4>\n\n\n<div class=\"wp-block-image\">\n<figure class=\"aligncenter size-large\"><img loading=\"lazy\" decoding=\"async\" width=\"1024\" height=\"768\" src=\"https:\/\/www.semanariotiempo.cl\/wp-content\/uploads\/2023\/10\/eventos-hoyos--1024x768.jpg\" alt=\"\" class=\"wp-image-10335\" srcset=\"https:\/\/www.semanariotiempo.cl\/wp-content\/uploads\/2023\/10\/eventos-hoyos--1024x768.jpg 1024w, https:\/\/www.semanariotiempo.cl\/wp-content\/uploads\/2023\/10\/eventos-hoyos--300x225.jpg 300w, https:\/\/www.semanariotiempo.cl\/wp-content\/uploads\/2023\/10\/eventos-hoyos--768x576.jpg 768w, https:\/\/www.semanariotiempo.cl\/wp-content\/uploads\/2023\/10\/eventos-hoyos--696x522.jpg 696w, https:\/\/www.semanariotiempo.cl\/wp-content\/uploads\/2023\/10\/eventos-hoyos--560x420.jpg 560w, https:\/\/www.semanariotiempo.cl\/wp-content\/uploads\/2023\/10\/eventos-hoyos--80x60.jpg 80w, https:\/\/www.semanariotiempo.cl\/wp-content\/uploads\/2023\/10\/eventos-hoyos--265x198.jpg 265w, https:\/\/www.semanariotiempo.cl\/wp-content\/uploads\/2023\/10\/eventos-hoyos-.jpg 1040w\" sizes=\"auto, (max-width: 1024px) 100vw, 1024px\" \/><\/figure>\n<\/div>\n\n\n<p class=\"wp-block-paragraph\">La tan esperada reparaci\u00f3n de calles en La Serena da pasos importantes. En la \u00faltima sesi\u00f3n de Concejo Comunal, el cuerpo colegiado aprob\u00f3 de manera un\u00e1nime la suscripci\u00f3n del convenio mandato con el Gobierno Regional para la Conservaci\u00f3n de Pavimentos Urbanos 2023, proyecto presentado por la Municipalidad de La Serena que busca dar soluci\u00f3n definitiva al problema que d\u00eda a d\u00eda viven automovilistas y peatones.<br>El alcalde Roberto Jacob valor\u00f3 la iniciativa y agradeci\u00f3 el trabajo de los equipos municipales que hicieron el levantamiento de los da\u00f1os en las calles. \u201cAgradecer el catastro minucioso que realizaron desde las delegaciones y diferentes unidades. Esta es una noticia muy esperada, est\u00e1bamos esperando poder contar con esos recursos para tapar los eventos, arreglar veredas y estructuras que permiten a las personas caminar con tranquilidad y a los veh\u00edculos transitar con menos problemas. Esto pronto estar\u00e1 listo para ser licitado y tenemos un plazo de 5 meses para terminar los arreglos que quedan comprometidos con este traspaso de dinero del GORE al municipio, para un tema que es cotidiano y que no para, todos los d\u00edas tenemos eventos nuevos por el desgaste que se produce, as\u00ed que contento porque es algo que la gente est\u00e1 esperando\u201d.<br>\u00bfQu\u00e9 significa esta aprobaci\u00f3n? De acuerdo a lo indicado por el Secretario Comunal de Planificaci\u00f3n de la Municipalidad de La Serena (Secplan), Sergio Rojas, \u201ccon la aprobaci\u00f3n del Concejo, el alcalde procede a firmar el Convenio, el cual es enviado al GORE para la emisi\u00f3n de Resoluci\u00f3n Exenta que lo aprueba. Dicha Resoluci\u00f3n debe ser aprobada por Decreto Alcaldicio y en ese instante comenzamos los procesos de licitaci\u00f3n\u201d.<br>El proyecto elaborado por profesionales de la Secplan bajo la instrucci\u00f3n del alcalde Roberto Jacob, fue levantado a trav\u00e9s de las delegaciones municipales y la Direcci\u00f3n de Servicio a la Comunidad, lo que permiti\u00f3 identificar baches de hasta 20 m2 que se pueden intervenir, de acuerdo a lo que la Ley de Pavimentaci\u00f3n Comunal permite a los municipios. Eventos de mayor envergadura y que requieren mayor capacidad t\u00e9cnica, deben ser reparados por SERVIU.<br>En total, el Gobierno Regional asign\u00f3 $214.312.000, del Fondo Nacional de Desarrollo Regional, Libre Disposici\u00f3n y el tiempo referencial para ejecutar el proyecto es de 5 meses contados desde la suscripci\u00f3n de contrato respectivo con el proveedor. El proyecto contempla la reparaci\u00f3n de 107 eventos identificados en los sectores de La Pampa, La Antena, Las Compa\u00f1\u00edas y Avenida del Mar. En detalle corresponde a 852 m2 de calzada de hormig\u00f3n, 226,1 m2 de veredas y 296 m2 de calzada asf\u00e1ltica.<\/p>\n","protected":false},"excerpt":{"rendered":"<p>El proyecto contempla el arreglo de eventos de sectores de La Pampa, La Antena, Las Compa\u00f1\u00edas y Avenida del Mar, abarcando calzadas de hormig\u00f3n, veredas y calzadas de asfalto. La tan esperada reparaci\u00f3n de calles en La Serena da pasos importantes. En la \u00faltima sesi\u00f3n de Concejo Comunal, el cuerpo colegiado aprob\u00f3 de manera un\u00e1nime [&hellip;]<\/p>\n","protected":false},"author":1,"featured_media":10335,"comment_status":"open","ping_status":"open","sticky":false,"template":"","format":"standard","meta":{"tdm_status":"","tdm_grid_status":"","footnotes":"","_wpscppro_dont_share_socialmedia":false,"_wpscppro_custom_social_share_image":0,"_facebook_share_type":"","_twitter_share_type":"","_linkedin_share_type":"","_pinterest_share_type":"","_linkedin_share_type_page":"","_instagram_share_type":"","_medium_share_type":"","_threads_share_type":"","_google_business_share_type":"","_bluesky_share_type":"","_mastodon_share_type":"","_selected_social_profile":[],"_wpsp_enable_custom_social_template":false,"_wpsp_social_scheduling":{"enabled":false,"datetime":null,"platforms":[],"status":"template_only","dateOption":"today","timeOption":"now","customDays":"","customHours":"","customDate":"","customTime":"","schedulingType":"absolute"},"_wpsp_active_default_template":true},"categories":[1],"tags":[8,28],"class_list":["post-10334","post","type-post","status-publish","format-standard","has-post-thumbnail","hentry","category-uncategorized","tag-marketing","tag-site-tips"],"_links":{"self":[{"href":"https:\/\/www.semanariotiempo.cl\/index.php?rest_route=\/wp\/v2\/posts\/10334","targetHints":{"allow":["GET"]}}],"collection":[{"href":"https:\/\/www.semanariotiempo.cl\/index.php?rest_route=\/wp\/v2\/posts"}],"about":[{"href":"https:\/\/www.semanariotiempo.cl\/index.php?rest_route=\/wp\/v2\/types\/post"}],"author":[{"embeddable":true,"href":"https:\/\/www.semanariotiempo.cl\/index.php?rest_route=\/wp\/v2\/users\/1"}],"replies":[{"embeddable":true,"href":"https:\/\/www.semanariotiempo.cl\/index.php?rest_route=%2Fwp%2Fv2%2Fcomments&post=10334"}],"version-history":[{"count":0,"href":"https:\/\/www.semanariotiempo.cl\/index.php?rest_route=\/wp\/v2\/posts\/10334\/revisions"}],"wp:featuredmedia":[{"embeddable":true,"href":"https:\/\/www.semanariotiempo.cl\/index.php?rest_route=\/wp\/v2\/media\/10335"}],"wp:attachment":[{"href":"https:\/\/www.semanariotiempo.cl\/index.php?rest_route=%2Fwp%2Fv2%2Fmedia&parent=10334"}],"wp:term":[{"taxonomy":"category","embeddable":true,"href":"https:\/\/www.semanariotiempo.cl\/index.php?rest_route=%2Fwp%2Fv2%2Fcategories&post=10334"},{"taxonomy":"post_tag","embeddable":true,"href":"https:\/\/www.semanariotiempo.cl\/index.php?rest_route=%2Fwp%2Fv2%2Ftags&post=10334"}],"curies":[{"name":"wp","href":"https:\/\/api.w.org\/{rel}","templated":true}]}}