{"id":10272,"date":"2023-10-04T19:08:15","date_gmt":"2023-10-04T22:08:15","guid":{"rendered":"https:\/\/www.semanariotiempo.cl\/?p=10272"},"modified":"2023-10-04T19:08:18","modified_gmt":"2023-10-04T22:08:18","slug":"gremio-agricola-realiza-diversas-gestiones-ante-critica-situacion-de-la-sequia-habra-seminario-en-ovalle-sobre-quiebras","status":"publish","type":"post","link":"https:\/\/www.semanariotiempo.cl\/?p=10272","title":{"rendered":"Gremio agr\u00edcola realiza diversas gestiones ante cr\u00edtica situaci\u00f3n de la sequ\u00eda: Habr\u00e1 seminario en Ovalle sobre quiebras"},"content":{"rendered":"\n<h4 class=\"wp-block-heading has-vivid-red-color has-text-color\"><strong>La regi\u00f3n de Coquimbo vive d\u00edas soleados, m\u00e1s de lo habitual y el balance h\u00eddrico muestra un 12% de la capacidad regional embalsada. En Elqui llovi\u00f3 s\u00f3lo algunos d\u00edas, el d\u00e9ficit es del 95% y no fue suficiente para recuperar las napas y acumular en los embalses o incluso en la cordillera la nieve es s\u00f3lo parte del recuerdo, por que no se logr\u00f3 acumular lo suficiente en la temporada.<\/strong><\/h4>\n\n\n<div class=\"wp-block-image\">\n<figure class=\"aligncenter size-large\"><img loading=\"lazy\" decoding=\"async\" width=\"1024\" height=\"576\" src=\"https:\/\/www.semanariotiempo.cl\/wp-content\/uploads\/2023\/10\/monte-patria-23-1024x576.jpg\" alt=\"\" class=\"wp-image-10273\" srcset=\"https:\/\/www.semanariotiempo.cl\/wp-content\/uploads\/2023\/10\/monte-patria-23-1024x576.jpg 1024w, https:\/\/www.semanariotiempo.cl\/wp-content\/uploads\/2023\/10\/monte-patria-23-300x169.jpg 300w, https:\/\/www.semanariotiempo.cl\/wp-content\/uploads\/2023\/10\/monte-patria-23-768x432.jpg 768w, https:\/\/www.semanariotiempo.cl\/wp-content\/uploads\/2023\/10\/monte-patria-23-696x392.jpg 696w, https:\/\/www.semanariotiempo.cl\/wp-content\/uploads\/2023\/10\/monte-patria-23-1068x601.jpg 1068w, https:\/\/www.semanariotiempo.cl\/wp-content\/uploads\/2023\/10\/monte-patria-23-747x420.jpg 747w, https:\/\/www.semanariotiempo.cl\/wp-content\/uploads\/2023\/10\/monte-patria-23.jpg 1200w\" sizes=\"auto, (max-width: 1024px) 100vw, 1024px\" \/><\/figure>\n<\/div>\n\n\n<p class=\"wp-block-paragraph\">Cada d\u00eda los usuarios de agua reciben sus cuotas con m\u00e1s distancia en el calendario del mes y comenz\u00f3 en los agricultores la toma de decisiones de qu\u00e9 producir o definitivamente cerrar el campo, porque el agua no alcanza.<br>Para la presidenta de la Sociedad Agr\u00edcola del Norte, Mar\u00eda In\u00e9s Figari, la situaci\u00f3n es compleja, porque ya pas\u00f3 todas las barreras de alertas.<br>\u201cHoy observamos con tristeza los huertos secos en gran parte de Limar\u00ed, el decidir si se contin\u00faa o no en el campo o qu\u00e9 producir con la peque\u00f1a cantidad de agua que se entrega. Aqu\u00ed el problema no es s\u00f3lo de los peque\u00f1os agricultores, que adem\u00e1s enfrentaron heladas, los medianos est\u00e1n quebrando porque existe otra situaci\u00f3n: la falta cr\u00e9ditos bancarios y las deudas que no tienen flexibilidad\u201d.<br>Figari puntualiz\u00f3 que se han realizado diversas reuniones y peticiones, entre ellas, \u201ccon el Ministro de Agricultura, gracias a las gestiones del Senador Mat\u00edas Walker, quien ha sido un puente en las solicitudes. Tambi\u00e9n en la Sociedad Nacional de Agricultura hemos entregado las propuestas y la realidad que se vive en forma dram\u00e1tica. Si el campo muere, tambi\u00e9n las comunas rurales, las fuentes de empleo y se pone en riesgo la seguridad alimentaria. Algunos toman esto a la ligera, pero qu\u00e9 pasar\u00e1 cuando ya no haya frutas y verduras, porque nadie estar\u00e1 dispuesto a plantar y cosechar por la falta de agua y el costo de los insumos, semillas y otros elementos que se requieren para esta noble labor. El llamado es a ponerse las pilas, avanzar con mayor rapidez, porque pareciera que todo sigue tal cual, se requieren ayudas del Gobierno, flexibilidad y comprender que el campo es una fuente muy valiosa que no puede morir. La agricultura en Chile juega un rol esencial, porque es la segunda fuerza exportadora, despu\u00e9s del cobre\u201d.<br>La presidenta de la SAN argument\u00f3 que la cat\u00e1strofe regional es silenciosa, \u201cnos da tristeza que no existe inter\u00e9s por la agricultura, por la seguridad alimentaria y el mundo rural. Nos sentimos el patio trasero de Chile, abandonados a la suerte de cada uno, se requiere de acci\u00f3n de quienes toman las decisiones e inversiones\u201d.<\/p>\n\n\n\n<p class=\"wp-block-paragraph\"><strong>SOLICITUDES DEL GREMIO AGR\u00cdCOLA<\/strong><br>Entre las solicitudes realizadas por la SAN a las autoridades y entidades privadas, est\u00e1n las medidas urgentes de soluci\u00f3n inmediata y medidas de mayor plazo que puedan revertir la situaci\u00f3n actual de la falta de agua y quiebra de agricultores.<br>Se ha solicitado la condonaci\u00f3n de bienes ra\u00edces por cat\u00e1strofe, la extensi\u00f3n de garant\u00edas FOGAPE a toda la banca, no s\u00f3lo a Banco Estado, facilidades, convenios de pago para deudas tributarias\/previsionales, fiscalizaci\u00f3n a los cobros de CGE por el alto valor de cuentas el\u00e9ctricas y eliminaci\u00f3n de cobro hora punta. Pozos de cabecera en canales seg\u00fan solicitud de cada organizaci\u00f3n. Firma del convenio GORECNR por 6.000 millones de pesos. Subsidio de contrataci\u00f3n de mano de obra por organizaciones de usuarios de agua para limpieza de canales y apoyo a celadores.<br>A esto se suman las solicitudes de apoyo y agilizaci\u00f3n de construcci\u00f3n de plantas desaladoras multiprop\u00f3sito y re\u00faso, adem\u00e1s de una pol\u00edtica p\u00fablica h\u00eddrica regional, que involucre la generaci\u00f3n de infraestructura para acumulaci\u00f3n, distribuci\u00f3n y eficiencia intra predial, entre otros.<\/p>\n\n\n\n<p class=\"wp-block-paragraph\"><strong>Seminario de Reorganizaci\u00f3n agr\u00edcola<\/strong><br>Bajo esta cr\u00edtica situaci\u00f3n de la escasez h\u00eddrica y cierre de campos, el pr\u00f3ximo jueves 5 de octubre llegar\u00e1 a la zona el Presidente de la Sociedad Nacional de Agricultura (SNA), Antonio Walker, para participar de un Seminario que se organiz\u00f3 en el Hotel Altos de Tuqu\u00ed en Ovalle desde las 15 hrs.<br>En esta ocasi\u00f3n llegar\u00e1n profesionales del \u00e1rea legal y econ\u00f3mica para entregar informaci\u00f3n a los agricultores y regantes, quienes deben tomar decisiones en estos dif\u00edciles momentos.<br>Llegar\u00e1 Ricardo Ib\u00e1\u00f1ez del Grupo Defensa que hablar\u00e1 de las quiebras y reorganizaci\u00f3n y re emprendimiento en la agricultura. Tambi\u00e9n expondr\u00e1 Ricardo Weber, economista, quien entregar\u00e1 detalles del panorama econ\u00f3mico nacional y mundial para la toma de decisiones de lo que viene.<\/p>\n\n\n\n<p class=\"wp-block-paragraph\"><strong><mark style=\"background-color:rgba(0, 0, 0, 0)\" class=\"has-inline-color has-vivid-red-color\">DATOS<\/mark><\/strong><\/p>\n\n\n\n<ul class=\"wp-block-list\">\n<li>En 2010 el catastro agr\u00edcola de la SAN contabilizaba 51 mil hect\u00e1reas cultivadas en la regi\u00f3n, para 2023 esta superficie se redujo a 28 mil hect\u00e1reas, totalizando una ca\u00edda del 54,9% y contin\u00faa aumentando.<\/li>\n\n\n\n<li>M\u00e1s de 757 mil habitantes tiene la Regi\u00f3n de Coquimbo, 142 mil viven en zonas rurales cerca del 20% de la poblaci\u00f3n regional, y de este total, m\u00e1s de 41 mil personas habitan en \u00e1reas de secano, donde las fuentes de acceso al agua son en un 66% la red p\u00fablica; 16% camiones aljibe; 13% pozos y norias; y un 6% no est\u00e1 determinado.<\/li>\n<\/ul>\n","protected":false},"excerpt":{"rendered":"<p>La regi\u00f3n de Coquimbo vive d\u00edas soleados, m\u00e1s de lo habitual y el balance h\u00eddrico muestra un 12% de la capacidad regional embalsada. En Elqui llovi\u00f3 s\u00f3lo algunos d\u00edas, el d\u00e9ficit es del 95% y no fue suficiente para recuperar las napas y acumular en los embalses o incluso en la cordillera la nieve es [&hellip;]<\/p>\n","protected":false},"author":1,"featured_media":10273,"comment_status":"open","ping_status":"open","sticky":false,"template":"","format":"standard","meta":{"tdm_status":"","tdm_grid_status":"","footnotes":"","_wpscppro_dont_share_socialmedia":false,"_wpscppro_custom_social_share_image":0,"_facebook_share_type":"","_twitter_share_type":"","_linkedin_share_type":"","_pinterest_share_type":"","_linkedin_share_type_page":"","_instagram_share_type":"","_medium_share_type":"","_threads_share_type":"","_google_business_share_type":"","_bluesky_share_type":"","_mastodon_share_type":"","_selected_social_profile":[],"_wpsp_enable_custom_social_template":false,"_wpsp_social_scheduling":{"enabled":false,"datetime":null,"platforms":[],"status":"template_only","dateOption":"today","timeOption":"now","customDays":"","customHours":"","customDate":"","customTime":"","schedulingType":"absolute"},"_wpsp_active_default_template":true},"categories":[1],"tags":[8,7],"class_list":["post-10272","post","type-post","status-publish","format-standard","has-post-thumbnail","hentry","category-uncategorized","tag-marketing","tag-wordpress"],"_links":{"self":[{"href":"https:\/\/www.semanariotiempo.cl\/index.php?rest_route=\/wp\/v2\/posts\/10272","targetHints":{"allow":["GET"]}}],"collection":[{"href":"https:\/\/www.semanariotiempo.cl\/index.php?rest_route=\/wp\/v2\/posts"}],"about":[{"href":"https:\/\/www.semanariotiempo.cl\/index.php?rest_route=\/wp\/v2\/types\/post"}],"author":[{"embeddable":true,"href":"https:\/\/www.semanariotiempo.cl\/index.php?rest_route=\/wp\/v2\/users\/1"}],"replies":[{"embeddable":true,"href":"https:\/\/www.semanariotiempo.cl\/index.php?rest_route=%2Fwp%2Fv2%2Fcomments&post=10272"}],"version-history":[{"count":0,"href":"https:\/\/www.semanariotiempo.cl\/index.php?rest_route=\/wp\/v2\/posts\/10272\/revisions"}],"wp:featuredmedia":[{"embeddable":true,"href":"https:\/\/www.semanariotiempo.cl\/index.php?rest_route=\/wp\/v2\/media\/10273"}],"wp:attachment":[{"href":"https:\/\/www.semanariotiempo.cl\/index.php?rest_route=%2Fwp%2Fv2%2Fmedia&parent=10272"}],"wp:term":[{"taxonomy":"category","embeddable":true,"href":"https:\/\/www.semanariotiempo.cl\/index.php?rest_route=%2Fwp%2Fv2%2Fcategories&post=10272"},{"taxonomy":"post_tag","embeddable":true,"href":"https:\/\/www.semanariotiempo.cl\/index.php?rest_route=%2Fwp%2Fv2%2Ftags&post=10272"}],"curies":[{"name":"wp","href":"https:\/\/api.w.org\/{rel}","templated":true}]}}