{"id":10237,"date":"2023-10-02T18:37:23","date_gmt":"2023-10-02T21:37:23","guid":{"rendered":"https:\/\/www.semanariotiempo.cl\/?p=10237"},"modified":"2023-10-02T18:37:26","modified_gmt":"2023-10-02T21:37:26","slug":"manuel-zambra-cooperativa-de-armadores-cerqueros-de-la-iv-region-la-ley-de-pesca-no-reconoce-conceptos-de-pequena-escala-y-sobrevivencia-sino-que-artesanal-e-ind","status":"publish","type":"post","link":"https:\/\/www.semanariotiempo.cl\/?p=10237","title":{"rendered":"Manuel Zambra, Cooperativa de Armadores Cerqueros de la IV Regi\u00f3n: \u201cLa Ley de Pesca no reconoce conceptos de \u2018peque\u00f1a escala y sobrevivencia\u2019, sino que \u2018artesanal e industrial\u2019\u201d"},"content":{"rendered":"\n<h4 class=\"wp-block-heading has-vivid-red-color has-text-color\"><strong>Pescadores artesanales e industriales de Coquimbo despejaron algunas dudas, junto a las autoridades de la regi\u00f3n de Coquimbo, por la implementaci\u00f3n del \u00c1rea Marina Costera Protegida de M\u00faltiples Usos, quienes ven\u00edan acusando quedar ajenos al debate. Las aprensiones tambi\u00e9n inclu\u00edan que, si bien no viven en el sector, su actividad se encuentra en la zona de protecci\u00f3n.<\/strong><\/h4>\n\n\n<div class=\"wp-block-image\">\n<figure class=\"aligncenter size-full\"><img loading=\"lazy\" decoding=\"async\" width=\"759\" height=\"581\" src=\"https:\/\/www.semanariotiempo.cl\/wp-content\/uploads\/2023\/10\/Manuel-Zambra.jpg\" alt=\"\" class=\"wp-image-10238\" srcset=\"https:\/\/www.semanariotiempo.cl\/wp-content\/uploads\/2023\/10\/Manuel-Zambra.jpg 759w, https:\/\/www.semanariotiempo.cl\/wp-content\/uploads\/2023\/10\/Manuel-Zambra-300x230.jpg 300w, https:\/\/www.semanariotiempo.cl\/wp-content\/uploads\/2023\/10\/Manuel-Zambra-696x533.jpg 696w, https:\/\/www.semanariotiempo.cl\/wp-content\/uploads\/2023\/10\/Manuel-Zambra-549x420.jpg 549w, https:\/\/www.semanariotiempo.cl\/wp-content\/uploads\/2023\/10\/Manuel-Zambra-80x60.jpg 80w\" sizes=\"auto, (max-width: 759px) 100vw, 759px\" \/><\/figure>\n<\/div>\n\n\n<p class=\"wp-block-paragraph\">Tanto los gremios de pescadores de la regi\u00f3n de Coquimbo y las autoridades locales han declarado que m\u00e1s de una ocasi\u00f3n han sostenido reuniones para revisar la implementaci\u00f3n del \u00c1rea Marina Costera Protegida de M\u00faltiples Usos (AMCPMU).<br>Y ayer volvieron a verse las caras, a puertas cerradas en el edificio del Gobierno Regional, donde discutieron los alcances de la iniciativa aprobada por el Consejo de Ministros para la Sustentabilidad y el Cambio Clim\u00e1tico, luego de varias semanas de dimes y diretes especialmente en la prensa con acusaciones, por un lado, de falta de informaci\u00f3n y pocas instancias de participaci\u00f3n, mientras que por otro, con la constante invitaci\u00f3n a participar en mesas de conversaci\u00f3n.<br>Pero la oportunidad sirvi\u00f3 para despejar algunos conceptos que incluye la iniciativa, que est\u00e1 a la espera de la firma presidencial. Para el vicepresidente de la Cooperativa de Armadores Cerqueros de la IV Regi\u00f3n, Manuel Zambra, la normativa adolece de errores, al no considerar la pesca artesanal, propiamente tal, situaci\u00f3n que los marginar\u00eda del proceso de elaboraci\u00f3n del plan de manejo y gobernanza.<br>En ese sentido, indic\u00f3 que el Informe T\u00e9cnico que fue presentado a los secretarios de Estados para la deliberaci\u00f3n del AMCPMU inclu\u00eda los conceptos de \u201cpesca de peque\u00f1a escala y sobrevivencia\u201d, calidad que no est\u00e1 considerada en la Ley de Pesca, pues esta norma alude a \u201cartesanal e industrial\u201d.<br>Las aprensiones tambi\u00e9n inclu\u00edan que, si bien no viven en el sector, su actividad extractiva se encuentra en la zona de protecci\u00f3n, especialmente en la comuna de La Higuera, con recursos y \u00e1reas de manejo.<br>\u201cSe consider\u00f3 a las comunidades que habitan en el sector. No as\u00ed a nosotros, que s\u00ed desarrollamos la pesca, independientemente que vivamos all\u00e1 o no\u201d, culmin\u00f3.<\/p>\n","protected":false},"excerpt":{"rendered":"<p>Pescadores artesanales e industriales de Coquimbo despejaron algunas dudas, junto a las autoridades de la regi\u00f3n de Coquimbo, por la implementaci\u00f3n del \u00c1rea Marina Costera Protegida de M\u00faltiples Usos, quienes ven\u00edan acusando quedar ajenos al debate. Las aprensiones tambi\u00e9n inclu\u00edan que, si bien no viven en el sector, su actividad se encuentra en la zona [&hellip;]<\/p>\n","protected":false},"author":1,"featured_media":10238,"comment_status":"open","ping_status":"open","sticky":false,"template":"","format":"standard","meta":{"tdm_status":"","tdm_grid_status":"","footnotes":"","_wpscppro_dont_share_socialmedia":false,"_wpscppro_custom_social_share_image":0,"_facebook_share_type":"","_twitter_share_type":"","_linkedin_share_type":"","_pinterest_share_type":"","_linkedin_share_type_page":"","_instagram_share_type":"","_medium_share_type":"","_threads_share_type":"","_google_business_share_type":"","_bluesky_share_type":"","_mastodon_share_type":"","_selected_social_profile":[],"_wpsp_enable_custom_social_template":false,"_wpsp_social_scheduling":{"enabled":false,"datetime":null,"platforms":[],"status":"template_only","dateOption":"today","timeOption":"now","customDays":"","customHours":"","customDate":"","customTime":"","schedulingType":"absolute"},"_wpsp_active_default_template":true},"categories":[1],"tags":[8,6],"class_list":["post-10237","post","type-post","status-publish","format-standard","has-post-thumbnail","hentry","category-uncategorized","tag-marketing","tag-redesign"],"_links":{"self":[{"href":"https:\/\/www.semanariotiempo.cl\/index.php?rest_route=\/wp\/v2\/posts\/10237","targetHints":{"allow":["GET"]}}],"collection":[{"href":"https:\/\/www.semanariotiempo.cl\/index.php?rest_route=\/wp\/v2\/posts"}],"about":[{"href":"https:\/\/www.semanariotiempo.cl\/index.php?rest_route=\/wp\/v2\/types\/post"}],"author":[{"embeddable":true,"href":"https:\/\/www.semanariotiempo.cl\/index.php?rest_route=\/wp\/v2\/users\/1"}],"replies":[{"embeddable":true,"href":"https:\/\/www.semanariotiempo.cl\/index.php?rest_route=%2Fwp%2Fv2%2Fcomments&post=10237"}],"version-history":[{"count":0,"href":"https:\/\/www.semanariotiempo.cl\/index.php?rest_route=\/wp\/v2\/posts\/10237\/revisions"}],"wp:featuredmedia":[{"embeddable":true,"href":"https:\/\/www.semanariotiempo.cl\/index.php?rest_route=\/wp\/v2\/media\/10238"}],"wp:attachment":[{"href":"https:\/\/www.semanariotiempo.cl\/index.php?rest_route=%2Fwp%2Fv2%2Fmedia&parent=10237"}],"wp:term":[{"taxonomy":"category","embeddable":true,"href":"https:\/\/www.semanariotiempo.cl\/index.php?rest_route=%2Fwp%2Fv2%2Fcategories&post=10237"},{"taxonomy":"post_tag","embeddable":true,"href":"https:\/\/www.semanariotiempo.cl\/index.php?rest_route=%2Fwp%2Fv2%2Ftags&post=10237"}],"curies":[{"name":"wp","href":"https:\/\/api.w.org\/{rel}","templated":true}]}}