{"id":10217,"date":"2023-09-29T22:15:49","date_gmt":"2023-09-30T01:15:49","guid":{"rendered":"https:\/\/www.semanariotiempo.cl\/?p=10217"},"modified":"2023-09-29T22:15:52","modified_gmt":"2023-09-30T01:15:52","slug":"aprueban-45-millones-de-pesos-para-compra-de-maiz-para-crianceros-y-pequenos-agricultores-de-la-serena","status":"publish","type":"post","link":"https:\/\/www.semanariotiempo.cl\/?p=10217","title":{"rendered":"Aprueban 45 millones de pesos para compra de ma\u00edz para crianceros y peque\u00f1os agricultores de La Serena"},"content":{"rendered":"\n<h4 class=\"wp-block-heading has-vivid-red-color has-text-color\"><strong>Concejo Comunal dio el visto bueno a la propuesta del alcalde Roberto Jacob, para destinar estos recursos en apoyo a quienes realizan esta actividad en la comuna, que se ha visto afectada por la prolongada sequ\u00eda.<\/strong><\/h4>\n\n\n<div class=\"wp-block-image\">\n<figure class=\"aligncenter size-full\"><img loading=\"lazy\" decoding=\"async\" width=\"960\" height=\"640\" src=\"https:\/\/www.semanariotiempo.cl\/wp-content\/uploads\/2023\/09\/carbas-la-serena-jacob.jpg\" alt=\"\" class=\"wp-image-10218\" srcset=\"https:\/\/www.semanariotiempo.cl\/wp-content\/uploads\/2023\/09\/carbas-la-serena-jacob.jpg 960w, https:\/\/www.semanariotiempo.cl\/wp-content\/uploads\/2023\/09\/carbas-la-serena-jacob-300x200.jpg 300w, https:\/\/www.semanariotiempo.cl\/wp-content\/uploads\/2023\/09\/carbas-la-serena-jacob-768x512.jpg 768w, https:\/\/www.semanariotiempo.cl\/wp-content\/uploads\/2023\/09\/carbas-la-serena-jacob-696x464.jpg 696w, https:\/\/www.semanariotiempo.cl\/wp-content\/uploads\/2023\/09\/carbas-la-serena-jacob-630x420.jpg 630w\" sizes=\"auto, (max-width: 960px) 100vw, 960px\" \/><\/figure>\n<\/div>\n\n\n<p class=\"wp-block-paragraph\">Un aporte de 45 millones que se utilizar\u00e1 en la compra de ma\u00edz amarillo para los crianceros de nuestra comuna, fue el aporte que aprob\u00f3 en la \u00faltima sesi\u00f3n el pleno del Concejo Comunal, tras la propuesta del alcalde Roberto Jacob, para ir en ayuda de quienes realizan esta tradicional actividad en la comuna, particularmente afectada por la sequ\u00eda al no haber disponibilidad de forraje para el ganado caprino en las praderas.<br>\u201cLa falta de alimento para los animales es uno de los efectos de la falta de lluvia y la necesidad es cr\u00edtica y no est\u00e1n llegando las ayudas directas que se requieren. En la Mesa Rural, que yo integro junto a dos concejales, escuch\u00e9 la problem\u00e1tica que tienen y se plante\u00f3 aprobar esta compra, porque entregar estos recursos es lo m\u00ednimo que podemos hacer por nuestra gente de la ruralidad que atraviesa un duro momento econ\u00f3mico. Si bien no soluciona el problema en su totalidad, es un gesto hacia nuestros crianceros, que tambi\u00e9n son parte de La Serena como todos nosotros y no podemos dejarlos abandonados\u201d, sostuvo Jacob, quien agradeci\u00f3 el respaldo de las concejalas y concejales.<br>En este sentido, el feje comunal hizo un llamado a las instancias correspondientes que debe intervenir en este tema, que se hagan parte dada la urgencia que se vive especialmente en el secano. \u201cLlamo a la conciencia de los que tienen la plata hoy que no se olviden de la situaci\u00f3n que est\u00e1 pasando la gente del sector rural y hay que ponerse las pilas. La zona m\u00e1s amplia de la ruralidad en nuestra regi\u00f3n est\u00e1 en La Serena, por lo que la necesidad es el primer requisito y por eso ya tenemos la lista preliminar de las personas que vamos a poder beneficiar, independiente si son o no usuarios de Indap\u201d, precis\u00f3 el jefe comunal, detallando que el modo m\u00e1s r\u00e1pido de adquirir el producto, de acuerdo a la Ley de Compras, se ver\u00e1 a trav\u00e9s de la Secplan del municipio.<br>Destacar que en diciembre de 2022, gracias a un convenio con la Delegaci\u00f3n Presidencial que permiti\u00f3 traspasar recursos, la municipalidad ya hab\u00eda concretado anteriormente otros aportes a los crianceros, como la compra de m\u00e1s de 3.600 sacos de ma\u00edz de 25 kilos cada uno, por un monto cercano a los 52 millones de pesos, para proveer de alimento a crianceros y peque\u00f1os agricultores del sector rural de la comuna.<\/p>\n","protected":false},"excerpt":{"rendered":"<p>Concejo Comunal dio el visto bueno a la propuesta del alcalde Roberto Jacob, para destinar estos recursos en apoyo a quienes realizan esta actividad en la comuna, que se ha visto afectada por la prolongada sequ\u00eda. Un aporte de 45 millones que se utilizar\u00e1 en la compra de ma\u00edz amarillo para los crianceros de nuestra [&hellip;]<\/p>\n","protected":false},"author":1,"featured_media":10218,"comment_status":"open","ping_status":"open","sticky":false,"template":"","format":"standard","meta":{"tdm_status":"","tdm_grid_status":"","footnotes":"","_wpscppro_dont_share_socialmedia":false,"_wpscppro_custom_social_share_image":0,"_facebook_share_type":"","_twitter_share_type":"","_linkedin_share_type":"","_pinterest_share_type":"","_linkedin_share_type_page":"","_instagram_share_type":"","_medium_share_type":"","_threads_share_type":"","_google_business_share_type":"","_bluesky_share_type":"","_mastodon_share_type":"","_selected_social_profile":[],"_wpsp_enable_custom_social_template":false,"_wpsp_social_scheduling":{"enabled":false,"datetime":null,"platforms":[],"status":"template_only","dateOption":"today","timeOption":"now","customDays":"","customHours":"","customDate":"","customTime":"","schedulingType":"absolute"},"_wpsp_active_default_template":true},"categories":[1],"tags":[8,28,7],"class_list":["post-10217","post","type-post","status-publish","format-standard","has-post-thumbnail","hentry","category-uncategorized","tag-marketing","tag-site-tips","tag-wordpress"],"_links":{"self":[{"href":"https:\/\/www.semanariotiempo.cl\/index.php?rest_route=\/wp\/v2\/posts\/10217","targetHints":{"allow":["GET"]}}],"collection":[{"href":"https:\/\/www.semanariotiempo.cl\/index.php?rest_route=\/wp\/v2\/posts"}],"about":[{"href":"https:\/\/www.semanariotiempo.cl\/index.php?rest_route=\/wp\/v2\/types\/post"}],"author":[{"embeddable":true,"href":"https:\/\/www.semanariotiempo.cl\/index.php?rest_route=\/wp\/v2\/users\/1"}],"replies":[{"embeddable":true,"href":"https:\/\/www.semanariotiempo.cl\/index.php?rest_route=%2Fwp%2Fv2%2Fcomments&post=10217"}],"version-history":[{"count":0,"href":"https:\/\/www.semanariotiempo.cl\/index.php?rest_route=\/wp\/v2\/posts\/10217\/revisions"}],"wp:featuredmedia":[{"embeddable":true,"href":"https:\/\/www.semanariotiempo.cl\/index.php?rest_route=\/wp\/v2\/media\/10218"}],"wp:attachment":[{"href":"https:\/\/www.semanariotiempo.cl\/index.php?rest_route=%2Fwp%2Fv2%2Fmedia&parent=10217"}],"wp:term":[{"taxonomy":"category","embeddable":true,"href":"https:\/\/www.semanariotiempo.cl\/index.php?rest_route=%2Fwp%2Fv2%2Fcategories&post=10217"},{"taxonomy":"post_tag","embeddable":true,"href":"https:\/\/www.semanariotiempo.cl\/index.php?rest_route=%2Fwp%2Fv2%2Ftags&post=10217"}],"curies":[{"name":"wp","href":"https:\/\/api.w.org\/{rel}","templated":true}]}}