{"id":10204,"date":"2023-09-28T19:55:21","date_gmt":"2023-09-28T22:55:21","guid":{"rendered":"https:\/\/www.semanariotiempo.cl\/?p=10204"},"modified":"2023-09-28T19:55:24","modified_gmt":"2023-09-28T22:55:24","slug":"gobierno-asegura-que-existe-margen-para-que-rosa-agustina-estrene-resort-de-guanaqueros-en-proximo-verano","status":"publish","type":"post","link":"https:\/\/www.semanariotiempo.cl\/?p=10204","title":{"rendered":"Gobierno asegura que existe margen para que Rosa Agustina estrene resort de Guanaqueros en pr\u00f3ximo verano"},"content":{"rendered":"\n<h4 class=\"wp-block-heading has-vivid-red-color has-text-color\"><strong>Gremio de Turismo de esa localidad de Coquimbo plantea que inaugurar el complejo tur\u00edstico, el primer \u201call inclusive\u201d de la costa de Chile, permitir\u00e1 absorber fuerza de trabajo, aumentar las remuneraciones, capacitar al capital humano y entregar una fuente de mayor estabilidad laboral. Sence trabaja en herramientas e instrumentos en ese prop\u00f3sito.<\/strong><\/h4>\n\n\n<div class=\"wp-block-image\">\n<figure class=\"aligncenter size-large\"><img loading=\"lazy\" decoding=\"async\" width=\"1024\" height=\"768\" src=\"https:\/\/www.semanariotiempo.cl\/wp-content\/uploads\/2023\/09\/rosa-agustina-bus-1024x768.jpg\" alt=\"\" class=\"wp-image-10205\" srcset=\"https:\/\/www.semanariotiempo.cl\/wp-content\/uploads\/2023\/09\/rosa-agustina-bus-1024x768.jpg 1024w, https:\/\/www.semanariotiempo.cl\/wp-content\/uploads\/2023\/09\/rosa-agustina-bus-300x225.jpg 300w, https:\/\/www.semanariotiempo.cl\/wp-content\/uploads\/2023\/09\/rosa-agustina-bus-768x576.jpg 768w, https:\/\/www.semanariotiempo.cl\/wp-content\/uploads\/2023\/09\/rosa-agustina-bus-696x522.jpg 696w, https:\/\/www.semanariotiempo.cl\/wp-content\/uploads\/2023\/09\/rosa-agustina-bus-1068x801.jpg 1068w, https:\/\/www.semanariotiempo.cl\/wp-content\/uploads\/2023\/09\/rosa-agustina-bus-560x420.jpg 560w, https:\/\/www.semanariotiempo.cl\/wp-content\/uploads\/2023\/09\/rosa-agustina-bus-80x60.jpg 80w, https:\/\/www.semanariotiempo.cl\/wp-content\/uploads\/2023\/09\/rosa-agustina-bus-265x198.jpg 265w, https:\/\/www.semanariotiempo.cl\/wp-content\/uploads\/2023\/09\/rosa-agustina-bus.jpg 1200w\" sizes=\"auto, (max-width: 1024px) 100vw, 1024px\" \/><\/figure>\n<\/div>\n\n\n<p class=\"wp-block-paragraph\">Luego que Semanario Tiempo diera a conocer el llamado del propietario de Rosa Agustina, Humberto R\u00edos, para agilizar los tr\u00e1mites y permisos que permitan abrir el enorme resort en la localidad de Guanaqueros en noviembre, el Gobierno considera que existe margen para que ello ocurra, debido no solo a la envergadura de la iniciativa -pas\u00f3 de una inversi\u00f3n de 22 a 60 millones de d\u00f3lares-, sino por su impacto en la reactivaci\u00f3n de la econom\u00eda y el empleo de la regi\u00f3n, especialmente de esa localidad costera de Coquimbo.<br>El complejo tur\u00edstico, el primer \u201call inclusive\u201d en la costa de Chile, de 280 habitaciones -90 de ellas con vista al mar- tiene un 99% de avance y en temporada estival puede contratar hasta 350 personas en temporada alta de verano para sus servicios hoteleros, gimnasios, comedores buffet, terrazas, salas de eventos, bowling, bares, piscinas, entre otras.<br>\u201cLa verdad es que nosotros estamos listos, ansiosos y necesitamos abrir\u201d, dijo el empresario de la firma que est\u00e1 fuertemente arraigada en Olmu\u00e9, regi\u00f3n de Valpara\u00edso, con los complejos Rosa Agustina Club y Rosa Agustina Conference.<br>Se espera que, en el a\u00f1o regular, unas 200 personas ser\u00e1n contratadas. Para el gremio de turismo de Guanaqueros inaugurar el complejo tur\u00edstico absorber\u00e1 la fuerza de trabajo, aumentar\u00e1 las remuneraciones, capacitar\u00e1 al capital humano y entregar\u00e1 una fuente de mayor estabilidad laboral (ver nota relacionada 1).<br>P\u00eda Castillo, seremi de Econom\u00eda, mencion\u00f3 que es tremendamente relevante lo que ha decidido hacer Rosa Agustina en Guanaqueros. \u201cLa idea es avanzar en los permisos de tramitolog\u00eda en general, y uno de esos es Rosa Agustina, que esperamos est\u00e9 aperturado en esta temporada estival (2023-2024) para dar una reactivaci\u00f3n econ\u00f3mica y al empleo, donde esperamos mejorar y reafirmar las cifras que tuvimos la temporada pasada\u201d.<br>Hace una semana, Castillo recorri\u00f3 las instalaciones del gigantesco resort junto a funcionarios de la Oficina de Grandes Proyectos del Ministerio de Econom\u00eda, algunos gremios y dirigentes de la comunidad de Guanaqueros, representantes de los municipios de La Serena y Coquimbo, adem\u00e1s de otros servicios p\u00fablicos, como Sernatur y Sence. Este \u00faltimo organismo trabaja en herramientas e instrumentos en ese prop\u00f3sito (ver nota relacionada 2).<br>\u201cCuando asumimos como Gobierno, una de las situaciones que pudimos detectar era respecto a los permisos. Por eso estamos expectantes al ingreso del proyecto de Ley a fines de este a\u00f1o que tiene que ver con m\u00e1s de 12 ministerios que intervienen y 50 servicios p\u00fablicos asociados. Este proyecto va a permitir disminuir los tiempos de espera y darle certidumbre a la inversi\u00f3n privada respecto a los procesos de tramitaci\u00f3n\u201d, indic\u00f3 la secretaria Regional Ministerial.<br>Agreg\u00f3 que mientras tanto, \u201chemos decidido activar a nivel nacional el Plan de Invirtamos en Chile, el Comit\u00e9 de Permisos Sectoriales, donde el mundo privado y empresarial puedan hablar directamente con las autoridades que intervienen en la permisolog\u00eda en la regi\u00f3n de Coquimbo, de proyectos que est\u00e1n bajo los US$100 millones, que no los ve directamente la Oficina de Grandes Proyectos\u201d. En ese sentido, esgrimi\u00f3 que ello \u201cpermitir\u00e1 avanzar y destrabar algunos permisos que activen la inversi\u00f3n privada en la regi\u00f3n de Coquimbo\u201d.<br>La instancia, que sesionar\u00e1 cada tres meses, entregar\u00e1 un reporte actualizado de la Corporaci\u00f3n de Bienes de Capital y la Oficina de Grandes Proyectos.<\/p>\n","protected":false},"excerpt":{"rendered":"<p>Gremio de Turismo de esa localidad de Coquimbo plantea que inaugurar el complejo tur\u00edstico, el primer \u201call inclusive\u201d de la costa de Chile, permitir\u00e1 absorber fuerza de trabajo, aumentar las remuneraciones, capacitar al capital humano y entregar una fuente de mayor estabilidad laboral. Sence trabaja en herramientas e instrumentos en ese prop\u00f3sito. Luego que Semanario [&hellip;]<\/p>\n","protected":false},"author":1,"featured_media":10205,"comment_status":"open","ping_status":"open","sticky":false,"template":"","format":"standard","meta":{"tdm_status":"","tdm_grid_status":"","footnotes":"","_wpscppro_dont_share_socialmedia":false,"_wpscppro_custom_social_share_image":0,"_facebook_share_type":"","_twitter_share_type":"","_linkedin_share_type":"","_pinterest_share_type":"","_linkedin_share_type_page":"","_instagram_share_type":"","_medium_share_type":"","_threads_share_type":"","_google_business_share_type":"","_bluesky_share_type":"","_mastodon_share_type":"","_selected_social_profile":[],"_wpsp_enable_custom_social_template":false,"_wpsp_social_scheduling":{"enabled":false,"datetime":null,"platforms":[],"status":"template_only","dateOption":"today","timeOption":"now","customDays":"","customHours":"","customDate":"","customTime":"","schedulingType":"absolute"},"_wpsp_active_default_template":true},"categories":[1],"tags":[8],"class_list":["post-10204","post","type-post","status-publish","format-standard","has-post-thumbnail","hentry","category-uncategorized","tag-marketing"],"_links":{"self":[{"href":"https:\/\/www.semanariotiempo.cl\/index.php?rest_route=\/wp\/v2\/posts\/10204","targetHints":{"allow":["GET"]}}],"collection":[{"href":"https:\/\/www.semanariotiempo.cl\/index.php?rest_route=\/wp\/v2\/posts"}],"about":[{"href":"https:\/\/www.semanariotiempo.cl\/index.php?rest_route=\/wp\/v2\/types\/post"}],"author":[{"embeddable":true,"href":"https:\/\/www.semanariotiempo.cl\/index.php?rest_route=\/wp\/v2\/users\/1"}],"replies":[{"embeddable":true,"href":"https:\/\/www.semanariotiempo.cl\/index.php?rest_route=%2Fwp%2Fv2%2Fcomments&post=10204"}],"version-history":[{"count":0,"href":"https:\/\/www.semanariotiempo.cl\/index.php?rest_route=\/wp\/v2\/posts\/10204\/revisions"}],"wp:featuredmedia":[{"embeddable":true,"href":"https:\/\/www.semanariotiempo.cl\/index.php?rest_route=\/wp\/v2\/media\/10205"}],"wp:attachment":[{"href":"https:\/\/www.semanariotiempo.cl\/index.php?rest_route=%2Fwp%2Fv2%2Fmedia&parent=10204"}],"wp:term":[{"taxonomy":"category","embeddable":true,"href":"https:\/\/www.semanariotiempo.cl\/index.php?rest_route=%2Fwp%2Fv2%2Fcategories&post=10204"},{"taxonomy":"post_tag","embeddable":true,"href":"https:\/\/www.semanariotiempo.cl\/index.php?rest_route=%2Fwp%2Fv2%2Ftags&post=10204"}],"curies":[{"name":"wp","href":"https:\/\/api.w.org\/{rel}","templated":true}]}}