{"id":10196,"date":"2023-09-27T19:16:45","date_gmt":"2023-09-27T22:16:45","guid":{"rendered":"https:\/\/www.semanariotiempo.cl\/?p=10196"},"modified":"2023-09-27T19:16:48","modified_gmt":"2023-09-27T22:16:48","slug":"hasta-abril-del-2024-aguas-del-valle-fija-horizonte-para-reingresar-proyecto-de-planta-desaladora","status":"publish","type":"post","link":"https:\/\/www.semanariotiempo.cl\/?p=10196","title":{"rendered":"Hasta abril del 2024: Aguas del Valle fija horizonte para reingresar proyecto de planta desaladora"},"content":{"rendered":"\n<h4 class=\"wp-block-heading has-vivid-red-color has-text-color\"><strong>\u201cUna planta desaladora como la que estamos haciendo, que por lo dem\u00e1s es la m\u00e1s avanzada, no est\u00e1 antes del 2028 o 2029\u201d, coment\u00f3 a Semanario Tiempo el gerente Regional de la sanitaria, Andr\u00e9s Nazer, qui\u00e9n adem\u00e1s confes\u00f3 de acuerdos con los administradores de los embalses para que cuando \u00e9stos lleguen a los niveles \u201cm\u00e1s cr\u00edticos\u201d, se priorice el recurso para el consumo humano.<\/strong><\/h4>\n\n\n<div class=\"wp-block-image\">\n<figure class=\"aligncenter size-full\"><img loading=\"lazy\" decoding=\"async\" width=\"960\" height=\"706\" src=\"https:\/\/www.semanariotiempo.cl\/wp-content\/uploads\/2023\/09\/planta-desaladora-copia.jpg\" alt=\"\" class=\"wp-image-10197\" srcset=\"https:\/\/www.semanariotiempo.cl\/wp-content\/uploads\/2023\/09\/planta-desaladora-copia.jpg 960w, https:\/\/www.semanariotiempo.cl\/wp-content\/uploads\/2023\/09\/planta-desaladora-copia-300x221.jpg 300w, https:\/\/www.semanariotiempo.cl\/wp-content\/uploads\/2023\/09\/planta-desaladora-copia-768x565.jpg 768w, https:\/\/www.semanariotiempo.cl\/wp-content\/uploads\/2023\/09\/planta-desaladora-copia-696x512.jpg 696w, https:\/\/www.semanariotiempo.cl\/wp-content\/uploads\/2023\/09\/planta-desaladora-copia-571x420.jpg 571w, https:\/\/www.semanariotiempo.cl\/wp-content\/uploads\/2023\/09\/planta-desaladora-copia-80x60.jpg 80w\" sizes=\"auto, (max-width: 960px) 100vw, 960px\" \/><\/figure>\n<\/div>\n\n\n<p class=\"wp-block-paragraph\">La empresa sanitaria Aguas del Valle (ADV) proyect\u00f3 hasta abril del 2024 el periodo m\u00e1ximo para reingresar a evaluaci\u00f3n ambiental la iniciativa de impulsar y construir una planta desalinizadora de agua de mar para abastecer y asegurar el consumo humano de las ciudades de La Serena y Coquimbo.<br>En entrevista con Semanario Tiempo, Andr\u00e9s Nazer, gerente Regional de Aguas del Valle, indic\u00f3 que la empresa est\u00e1 realizando una serie de campa\u00f1as para profundizar y actualizar los estudios de l\u00edneas de bases asociadas al proyecto (invierno, primavera, verano y oto\u00f1o), las que ejecutadas permitir\u00e1n reincorporar la propuesta al sistema. \u201cEstimamos que vamos a estar reingresando los primeros tres o cuatro meses del pr\u00f3ximo a\u00f1o\u201d, precis\u00f3.<br>Cabe recordar que, en 2022, la compa\u00f1\u00eda sufri\u00f3 un rev\u00e9s en el Sistema de Evaluaci\u00f3n de Impacto Ambiental (SEIA) al presentar este proyecto. Sin embargo, ADV busca cerrar cualquier flanco para iniciar su construcci\u00f3n lo antes posible. En ese sentido, Nazer asegur\u00f3 que el complejo mantendr\u00e1 algunas caracter\u00edsticas a la idea original, como los vol\u00famenes de producci\u00f3n de 1.200 litros por segundo, en etapas, aunque los montos de inversi\u00f3n podr\u00edan elevarse por la infraestructura para trasladar el recurso hacia las ciudades y el alza en los costos de los materiales.<br>Respecto al cronograma, Nazer consider\u00f3 que el periodo de tramitaci\u00f3n ambiental en el SEIA podr\u00eda tardar unos dos a\u00f1os, adem\u00e1s de un plazo adicional para obtener los permisos sectoriales. \u201cEso significar\u00eda que, una planta desaladora como la que estamos haciendo, que por lo dem\u00e1s es la que est\u00e1 m\u00e1s avanzada, no est\u00e1 antes del 2028 0 2029. Ese es el escenario, hay dos a\u00f1os de permisos del sistema ambiental y despu\u00e9s vienen unos tres-cuatro a\u00f1os de construcci\u00f3n, ese es el est\u00e1ndar\u201d, dijo.<br>El proyecto original planteaba que unas 78.000 familias ser\u00edan beneficiadas, como tambi\u00e9n que permitir\u00e1 respaldar el consumo humano de agua potable para la conurbaci\u00f3n, y luego, de ser requerido, para otras localidades de la regi\u00f3n, como Ovalle y Andacollo. Su emplazamiento estaba declarado en el sector El Panul, al sur del casco antiguo de la ciudad puerto.<\/p>\n\n\n\n<p class=\"has-background wp-block-paragraph\" style=\"background-color:#fedede\"><strong>Acuerdos para asegurar el suministro<\/strong><br>Seg\u00fan el gerente Regional de ADV, Andr\u00e9s Nazer, la situaci\u00f3n compleja para la empresa es seguir enfrentando el duro panorama h\u00eddrico de la regi\u00f3n de Coquimbo y asegurar el abastecimiento del vital elemento para el consumo humano. Todo mientras llega esta soluci\u00f3n. En ese contexto, ADV ha establecido acuerdos con los administradores de los embalses y las distintas juntas de vigilancia de los r\u00edos para que cuando \u00e9stos lleguen a los niveles \u201cm\u00e1s cr\u00edticos\u201d, se priorice el agua para las personas.<br>\u201cTodo eso es un trabajo que hemos venido realizando, y que tenemos que hacer todos los a\u00f1os, con las juntas de vigilancia y con las autoridades para poder disponer de agua hasta cuando llegue una planta desaladora\u201d, reiter\u00f3.<br>\u201cSi uno mira al mar, no hay problema de agua, hay un problema de soluci\u00f3n para potabilizarla\u201d, sentenci\u00f3.<\/p>\n","protected":false},"excerpt":{"rendered":"<p>\u201cUna planta desaladora como la que estamos haciendo, que por lo dem\u00e1s es la m\u00e1s avanzada, no est\u00e1 antes del 2028 o 2029\u201d, coment\u00f3 a Semanario Tiempo el gerente Regional de la sanitaria, Andr\u00e9s Nazer, qui\u00e9n adem\u00e1s confes\u00f3 de acuerdos con los administradores de los embalses para que cuando \u00e9stos lleguen a los niveles \u201cm\u00e1s [&hellip;]<\/p>\n","protected":false},"author":1,"featured_media":10197,"comment_status":"open","ping_status":"open","sticky":false,"template":"","format":"standard","meta":{"tdm_status":"","tdm_grid_status":"","footnotes":"","_wpscppro_dont_share_socialmedia":false,"_wpscppro_custom_social_share_image":0,"_facebook_share_type":"","_twitter_share_type":"","_linkedin_share_type":"","_pinterest_share_type":"","_linkedin_share_type_page":"","_instagram_share_type":"","_medium_share_type":"","_threads_share_type":"","_google_business_share_type":"","_bluesky_share_type":"","_mastodon_share_type":"","_selected_social_profile":[],"_wpsp_enable_custom_social_template":false,"_wpsp_social_scheduling":{"enabled":false,"datetime":null,"platforms":[],"status":"template_only","dateOption":"today","timeOption":"now","customDays":"","customHours":"","customDate":"","customTime":"","schedulingType":"absolute"},"_wpsp_active_default_template":true},"categories":[1],"tags":[8,28,7],"class_list":["post-10196","post","type-post","status-publish","format-standard","has-post-thumbnail","hentry","category-uncategorized","tag-marketing","tag-site-tips","tag-wordpress"],"_links":{"self":[{"href":"https:\/\/www.semanariotiempo.cl\/index.php?rest_route=\/wp\/v2\/posts\/10196","targetHints":{"allow":["GET"]}}],"collection":[{"href":"https:\/\/www.semanariotiempo.cl\/index.php?rest_route=\/wp\/v2\/posts"}],"about":[{"href":"https:\/\/www.semanariotiempo.cl\/index.php?rest_route=\/wp\/v2\/types\/post"}],"author":[{"embeddable":true,"href":"https:\/\/www.semanariotiempo.cl\/index.php?rest_route=\/wp\/v2\/users\/1"}],"replies":[{"embeddable":true,"href":"https:\/\/www.semanariotiempo.cl\/index.php?rest_route=%2Fwp%2Fv2%2Fcomments&post=10196"}],"version-history":[{"count":0,"href":"https:\/\/www.semanariotiempo.cl\/index.php?rest_route=\/wp\/v2\/posts\/10196\/revisions"}],"wp:featuredmedia":[{"embeddable":true,"href":"https:\/\/www.semanariotiempo.cl\/index.php?rest_route=\/wp\/v2\/media\/10197"}],"wp:attachment":[{"href":"https:\/\/www.semanariotiempo.cl\/index.php?rest_route=%2Fwp%2Fv2%2Fmedia&parent=10196"}],"wp:term":[{"taxonomy":"category","embeddable":true,"href":"https:\/\/www.semanariotiempo.cl\/index.php?rest_route=%2Fwp%2Fv2%2Fcategories&post=10196"},{"taxonomy":"post_tag","embeddable":true,"href":"https:\/\/www.semanariotiempo.cl\/index.php?rest_route=%2Fwp%2Fv2%2Ftags&post=10196"}],"curies":[{"name":"wp","href":"https:\/\/api.w.org\/{rel}","templated":true}]}}