{"id":10180,"date":"2023-09-26T20:01:27","date_gmt":"2023-09-26T23:01:27","guid":{"rendered":"https:\/\/www.semanariotiempo.cl\/?p=10180"},"modified":"2023-09-26T20:01:30","modified_gmt":"2023-09-26T23:01:30","slug":"familias-beneficiadas-visitan-obras-de-condominio-con-integracion-social-en-ovalle","status":"publish","type":"post","link":"https:\/\/www.semanariotiempo.cl\/?p=10180","title":{"rendered":"Familias beneficiadas visitan obras de Condominio con Integraci\u00f3n Social en Ovalle"},"content":{"rendered":"\n<h4 class=\"wp-block-heading has-vivid-red-color has-text-color\"><strong>\u201cAires de Limar\u00ed\u201d es un proyecto del Ministerio de Vivienda y Urbanismo que marcha en un 92% de avance. Son 160 departamentos de los cuales 32 son para familias de sectores vulnerables.<\/strong><\/h4>\n\n\n<div class=\"wp-block-image\">\n<figure class=\"aligncenter size-large\"><img loading=\"lazy\" decoding=\"async\" width=\"1024\" height=\"682\" src=\"https:\/\/www.semanariotiempo.cl\/wp-content\/uploads\/2023\/09\/Aires-de-Limari-3-1024x682.jpg\" alt=\"\" class=\"wp-image-10181\" srcset=\"https:\/\/www.semanariotiempo.cl\/wp-content\/uploads\/2023\/09\/Aires-de-Limari-3-1024x682.jpg 1024w, https:\/\/www.semanariotiempo.cl\/wp-content\/uploads\/2023\/09\/Aires-de-Limari-3-300x200.jpg 300w, https:\/\/www.semanariotiempo.cl\/wp-content\/uploads\/2023\/09\/Aires-de-Limari-3-768x511.jpg 768w, https:\/\/www.semanariotiempo.cl\/wp-content\/uploads\/2023\/09\/Aires-de-Limari-3-696x463.jpg 696w, https:\/\/www.semanariotiempo.cl\/wp-content\/uploads\/2023\/09\/Aires-de-Limari-3-1068x711.jpg 1068w, https:\/\/www.semanariotiempo.cl\/wp-content\/uploads\/2023\/09\/Aires-de-Limari-3-631x420.jpg 631w, https:\/\/www.semanariotiempo.cl\/wp-content\/uploads\/2023\/09\/Aires-de-Limari-3.jpg 1200w\" sizes=\"auto, (max-width: 1024px) 100vw, 1024px\" \/><\/figure>\n<\/div>\n\n\n<p class=\"wp-block-paragraph\">Con una gran convocatoria se realiz\u00f3 una visita de obras al \u201cCondominio Aires de Limar\u00ed\u201d de Inmobiliaria iHabita con las familias que aplicaron el Subsidio de Integraci\u00f3n Social y Territorial DS19 del Minvu. Las familias beneficiadas conocieron c\u00f3mo ser\u00e1 su futuro hogar en un proyecto que actualmente se encuentra en un 92% de avance.<br>Este condominio cuenta con 160 departamentos, de los cuales 32 ser\u00e1n para familias de integraci\u00f3n social \u2013o sea el 21% del total-, estas viviendas tienen 4 tipolog\u00edas diferentes de hasta 64,91 m2.<br>Justamente Laura Pizarro Rodr\u00edguez, una de las beneficiadas expres\u00f3 su alegr\u00eda tras visitar lo que ser\u00e1 su futuro hogar. \u201cYo lo encontr\u00e9 s\u00faper, no me esperaba un departamento as\u00ed, estoy muy emocionada porque es muy lindo, adem\u00e1s estoy muy feliz porque llevo m\u00e1s de 20 a\u00f1os esperando. Tiene todo lo que uno quer\u00eda, incluso piscina y juegos, por eso muy emocionada de haber entrado y pensar que voy a vivir ah\u00ed\u201d, cerr\u00f3 la beneficiaria.<br>Los departamentos del Condominio Aires del Limar\u00ed son de alto est\u00e1ndar y cuentan con \u00e1reas comunes como piscina, quinchos, juegos infantiles, estacionamiento, ascensor y locales comerciales.<br>El Seremi de Vivienda y Urbanismo, Jos\u00e9 Manuel Peralta se mostr\u00f3 satisfecho tras conversar con los beneficiados. \u201cEs un bonito proyecto que incorpora familias emergentes de sectores vulnerables y tiene terminaciones de alto nivel, no hay diferencias entre unos y otros departamentos; adem\u00e1s las familias se fueron muy contentas al ver un departamento amoblado y con la capacidad para poder desarrollar su vida familiar. Pudimos constatar la felicidad y satisfacci\u00f3n de las familias con las que conversamos, al ver algo mucho mejor de lo que ellos hab\u00edan aspirado, as\u00ed que contentos de superar sus expectativas; una de las cosas a destacar es que este proyecto considera incluso una piscina, con eso quiero decir que el est\u00e1ndar de soluciones habitacionales que estamos entregando a trav\u00e9s de este proyecto es de alto est\u00e1ndar, as\u00ed que felices por la familia y por estar cumpliendo con la meta que nos se\u00f1al\u00f3 el Ministro Carlos Montes del programa del Presidente Gabriel Boric\u201d, sostuvo el Seremi de Vivienda.<br>En tanto, el Director Regional de Serviu, \u00c1ngelo Monta\u00f1o, se mostr\u00f3 positivo por las terminaciones del proyecto que ofrecer\u00e1 condiciones de alto est\u00e1ndar para las familias beneficiarias y por seguir avanzando con el Plan de Emergencia Habitacional.<br>\u201cEl Plan de Integraci\u00f3n Social nos permite, dentro del marco del Plan de Emergencia Habitacional, llegar a soluciones bien localizadas y aqu\u00ed estamos viendo c\u00f3mo este proyecto les permite a familias de Ovalle poder contar con una muy buena ubicaci\u00f3n cercana a colegios, consultorios, parques y que puedan contar con una vivienda, con un departamento en este caso, de alta calidad y en una ubicaci\u00f3n privilegiada dentro de la ciudad de Ovalle\u201d, cerr\u00f3 el Director de Serviu.<br>Cabe destacar que el proyecto representar\u00e1 una mejora en la calidad de vida para los beneficiarios, debido a que tiene una ubicaci\u00f3n con una buena conectividad vial por la cual transita la locomoci\u00f3n p\u00fablica, cercana a la ruta 5 norte y ruta D43 (a Ovalle). Asimismo, cuenta con un local comercial, juegos para ni\u00f1os y m\u00e1quinas de ejercicio dentro del \u00e1rea verde, adem\u00e1s de una piscina y quinchos para usos varios.<\/p>\n","protected":false},"excerpt":{"rendered":"<p>\u201cAires de Limar\u00ed\u201d es un proyecto del Ministerio de Vivienda y Urbanismo que marcha en un 92% de avance. Son 160 departamentos de los cuales 32 son para familias de sectores vulnerables. Con una gran convocatoria se realiz\u00f3 una visita de obras al \u201cCondominio Aires de Limar\u00ed\u201d de Inmobiliaria iHabita con las familias que aplicaron [&hellip;]<\/p>\n","protected":false},"author":1,"featured_media":10181,"comment_status":"open","ping_status":"open","sticky":false,"template":"","format":"standard","meta":{"tdm_status":"","tdm_grid_status":"","footnotes":"","_wpscppro_dont_share_socialmedia":false,"_wpscppro_custom_social_share_image":0,"_facebook_share_type":"","_twitter_share_type":"","_linkedin_share_type":"","_pinterest_share_type":"","_linkedin_share_type_page":"","_instagram_share_type":"","_medium_share_type":"","_threads_share_type":"","_google_business_share_type":"","_bluesky_share_type":"","_mastodon_share_type":"","_selected_social_profile":[],"_wpsp_enable_custom_social_template":false,"_wpsp_social_scheduling":{"enabled":false,"datetime":null,"platforms":[],"status":"template_only","dateOption":"today","timeOption":"now","customDays":"","customHours":"","customDate":"","customTime":"","schedulingType":"absolute"},"_wpsp_active_default_template":true},"categories":[1],"tags":[8,28,5],"class_list":["post-10180","post","type-post","status-publish","format-standard","has-post-thumbnail","hentry","category-uncategorized","tag-marketing","tag-site-tips","tag-website"],"_links":{"self":[{"href":"https:\/\/www.semanariotiempo.cl\/index.php?rest_route=\/wp\/v2\/posts\/10180","targetHints":{"allow":["GET"]}}],"collection":[{"href":"https:\/\/www.semanariotiempo.cl\/index.php?rest_route=\/wp\/v2\/posts"}],"about":[{"href":"https:\/\/www.semanariotiempo.cl\/index.php?rest_route=\/wp\/v2\/types\/post"}],"author":[{"embeddable":true,"href":"https:\/\/www.semanariotiempo.cl\/index.php?rest_route=\/wp\/v2\/users\/1"}],"replies":[{"embeddable":true,"href":"https:\/\/www.semanariotiempo.cl\/index.php?rest_route=%2Fwp%2Fv2%2Fcomments&post=10180"}],"version-history":[{"count":0,"href":"https:\/\/www.semanariotiempo.cl\/index.php?rest_route=\/wp\/v2\/posts\/10180\/revisions"}],"wp:featuredmedia":[{"embeddable":true,"href":"https:\/\/www.semanariotiempo.cl\/index.php?rest_route=\/wp\/v2\/media\/10181"}],"wp:attachment":[{"href":"https:\/\/www.semanariotiempo.cl\/index.php?rest_route=%2Fwp%2Fv2%2Fmedia&parent=10180"}],"wp:term":[{"taxonomy":"category","embeddable":true,"href":"https:\/\/www.semanariotiempo.cl\/index.php?rest_route=%2Fwp%2Fv2%2Fcategories&post=10180"},{"taxonomy":"post_tag","embeddable":true,"href":"https:\/\/www.semanariotiempo.cl\/index.php?rest_route=%2Fwp%2Fv2%2Ftags&post=10180"}],"curies":[{"name":"wp","href":"https:\/\/api.w.org\/{rel}","templated":true}]}}