{"id":10169,"date":"2023-09-26T19:35:54","date_gmt":"2023-09-26T22:35:54","guid":{"rendered":"https:\/\/www.semanariotiempo.cl\/?p=10169"},"modified":"2023-09-26T19:35:57","modified_gmt":"2023-09-26T22:35:57","slug":"innovador-programa-reduce-en-un-63-los-trastorno-conductuales-en-personas-con-alzheimer","status":"publish","type":"post","link":"https:\/\/www.semanariotiempo.cl\/?p=10169","title":{"rendered":"Innovador programa reduce en un 63% los trastorno conductuales en personas con alzheimer"},"content":{"rendered":"\n<h4 class=\"wp-block-heading has-vivid-red-color has-text-color\"><strong>La doctora Claudia R\u00edos Stephens, autora del libro \u201cCuidar con Sentido a las Personas Mayores con Demencias\u201d, destaca que si bien a\u00fan no existe cura para esta enfermedad, un buen manejo cl\u00ednico y una compa\u00f1\u00eda afectuosa, junto a terapias con m\u00fasica, aromas o \u201cbeb\u00e9s terap\u00e9uticos\u201d, pueden conectar a quienes padecen Alzheimer con remanentes emotivos, produciendo calma y mejorando su calidad de vida. Los efectos en los cuidadores tambi\u00e9n resultan positivos.<\/strong><\/h4>\n\n\n<div class=\"wp-block-image\">\n<figure class=\"aligncenter size-full\"><img loading=\"lazy\" decoding=\"async\" width=\"960\" height=\"641\" src=\"https:\/\/www.semanariotiempo.cl\/wp-content\/uploads\/2023\/09\/alzheimer.jpg\" alt=\"\" class=\"wp-image-10170\" srcset=\"https:\/\/www.semanariotiempo.cl\/wp-content\/uploads\/2023\/09\/alzheimer.jpg 960w, https:\/\/www.semanariotiempo.cl\/wp-content\/uploads\/2023\/09\/alzheimer-300x200.jpg 300w, https:\/\/www.semanariotiempo.cl\/wp-content\/uploads\/2023\/09\/alzheimer-768x513.jpg 768w, https:\/\/www.semanariotiempo.cl\/wp-content\/uploads\/2023\/09\/alzheimer-696x465.jpg 696w, https:\/\/www.semanariotiempo.cl\/wp-content\/uploads\/2023\/09\/alzheimer-629x420.jpg 629w\" sizes=\"auto, (max-width: 960px) 100vw, 960px\" \/><\/figure>\n<\/div>\n\n\n<p class=\"wp-block-paragraph\">Este jueves 21 de septiembre se conmemora el D\u00eda Mundial del Alzheimer, enfermedad que afecta a un creciente n\u00famero de personas, especialmente mayores de 65 a\u00f1os y que representa un gran desaf\u00edo para la ciencia y la sociedad en su conjunto. A nivel mundial se estima que cerca de 60 millones de personas la padecen, mientras en Chile afectar\u00eda a unas 130 mil personas aproximadamente.<br>\u201cEl Alzheimer es devastador, puede prolongarse por muchos a\u00f1os y producir gran impacto en quien la padece y tambi\u00e9n en su familia, amigos o cuidadores; sobre todo si no existe informaci\u00f3n o herramientas adecuadas. Muchas veces desconocemos qu\u00e9 hacer, c\u00f3mo hablarles o c\u00f3mo enfrentar trastornos de la conducta que pueden resultar dif\u00edciles de abordar, como irritabilidad, desinhibici\u00f3n o alteraciones del sue\u00f1o\u201d, explica la doctora de Fundaci\u00f3n Las Rosas, Claudia R\u00edos.<br>Ella agrega que desde hace dos a\u00f1os en la Fundaci\u00f3n evaluaron la necesidad de contar con un Programa de Salud Mental que permitiera, tanto a sus cuidadoras como a las familias en general, enfrentar de mejor forma el inevitable avance de la enfermedad. \u201cLo que sabemos hasta ahora es que el Alzheimer no tiene cura; sin embargo, contar con un manejo cl\u00ednico y farmacol\u00f3gico adecuado, sumado a terapias como la m\u00fasica, los aromas o la \u2018beb\u00e9terapia\u2019 los conecta con remanentes emotivos, les produce calma; lo mismo ocurre con la \u2018terapia biogr\u00e1fica\u2019, en la que el cuidador, conoce la historia de vida de cada persona y as\u00ed puede empatizar y comprender mejor sus necesidades o formas en las que intenta comunicar algo\u201d.<br>Junto con lo anterior, la doctora R\u00edos tambi\u00e9n destaca que un 73% de las cuidadoras que han participado del Programa ya no se siente \u201csobrecargadas\u201d o \u201cestresadas\u201d al saber qu\u00e9 hacer para poder ayudar a las personas que padecen esta dura enfermedad. \u201cEllas siempre han sido atentas y dedicadas en el cuidado, pero ahora tienen un fundamento t\u00e9cnico para su labor y cuentan con instrumentos, como las \u201cmantas terap\u00e9uticas o los mu\u00f1ecos beb\u00e9s\u201d para probar los efectos que estos producen en las personas mayores con deterioro cognitivo y Alzheimer, que son cerca de un 75% del total de residentes de la Fundaci\u00f3n\u201d.<\/p>\n\n\n\n<p class=\"wp-block-paragraph\">Cuidar con Sentido<br>El libro \u201cCuidar con Sentido a las Personas Mayores con Demencias\u201d espera llegar tambi\u00e9n a los Establecimiento de Larga Estad\u00eda para Adultos Mayores (ELEAM) y a todos quienes tengan la responsabilidad de cuidar y acompa\u00f1ar a las personas mayores con Alzheimer, as\u00ed explica la doctora Claudia R\u00edos: \u201cReconocemos el gran impacto que esta enfermedad produce; pero al mismo tiempo, con este Programa de Salud Mental queremos transmitir esperanza. Saber m\u00e1s sobre Alzheimer y descubrir nuevas herramientas que nos permitan enfrentarla, permite seguir valorando y respetando la dignidad de las personas tras este \u201cvelo\u201d; respetar tambi\u00e9n sus creencias y valores y, en suma, reconocer que permanece ah\u00ed, que est\u00e1n presentes y que de una forma distinta, sigue reaccionando, sintiendo, aunque ya no puedan expresarlo\u201d.<\/p>\n\n\n\n<p class=\"has-background wp-block-paragraph\" style=\"background-color:#fedee4\"><strong>Siete Se\u00f1ales que advierten sobre posible Alzheimer*<\/strong><br>1.- Dificultad para aprender y retener nueva informaci\u00f3n<br>(repetitivo, olvida citas, cambia objetos de lugar)<br>2.- Dificultad para realizar tareas complejas<br>(le cuestan labores de varios pasos)<br>3.- Deterioro en la capacidad de razonar<br>(no puede resolver problemas, no le importan las reglas de conducta social)<br>4.- Desorientaci\u00f3n espacial<br>(se pierde, aun en lugares desconocidos; problemas para manejar)<br>5.- Deterioro en el lenguaje<br>(crecientemente \u201cno encuentra la palabra adecuada\u201d)<br>6.- Alteraciones en el comportamiento<br>(pasividad, irritabilidad o problemas con ciertos est\u00edmulos)<br>7.- Cambio en sus h\u00e1bitos<br>(desaseado, desordenado, llega tarde)<\/p>\n\n\n\n<p class=\"wp-block-paragraph\">*Extra\u00eddas del libro: \u201cCuidar con Sentido a las Personas Mayores con Demencias\u201d.<\/p>\n","protected":false},"excerpt":{"rendered":"<p>La doctora Claudia R\u00edos Stephens, autora del libro \u201cCuidar con Sentido a las Personas Mayores con Demencias\u201d, destaca que si bien a\u00fan no existe cura para esta enfermedad, un buen manejo cl\u00ednico y una compa\u00f1\u00eda afectuosa, junto a terapias con m\u00fasica, aromas o \u201cbeb\u00e9s terap\u00e9uticos\u201d, pueden conectar a quienes padecen Alzheimer con remanentes emotivos, produciendo [&hellip;]<\/p>\n","protected":false},"author":1,"featured_media":10170,"comment_status":"open","ping_status":"open","sticky":false,"template":"","format":"standard","meta":{"tdm_status":"","tdm_grid_status":"","footnotes":"","_wpscppro_dont_share_socialmedia":false,"_wpscppro_custom_social_share_image":0,"_facebook_share_type":"","_twitter_share_type":"","_linkedin_share_type":"","_pinterest_share_type":"","_linkedin_share_type_page":"","_instagram_share_type":"","_medium_share_type":"","_threads_share_type":"","_google_business_share_type":"","_bluesky_share_type":"","_mastodon_share_type":"","_selected_social_profile":[],"_wpsp_enable_custom_social_template":false,"_wpsp_social_scheduling":{"enabled":false,"datetime":null,"platforms":[],"status":"template_only","dateOption":"today","timeOption":"now","customDays":"","customHours":"","customDate":"","customTime":"","schedulingType":"absolute"},"_wpsp_active_default_template":true},"categories":[1],"tags":[8],"class_list":["post-10169","post","type-post","status-publish","format-standard","has-post-thumbnail","hentry","category-uncategorized","tag-marketing"],"_links":{"self":[{"href":"https:\/\/www.semanariotiempo.cl\/index.php?rest_route=\/wp\/v2\/posts\/10169","targetHints":{"allow":["GET"]}}],"collection":[{"href":"https:\/\/www.semanariotiempo.cl\/index.php?rest_route=\/wp\/v2\/posts"}],"about":[{"href":"https:\/\/www.semanariotiempo.cl\/index.php?rest_route=\/wp\/v2\/types\/post"}],"author":[{"embeddable":true,"href":"https:\/\/www.semanariotiempo.cl\/index.php?rest_route=\/wp\/v2\/users\/1"}],"replies":[{"embeddable":true,"href":"https:\/\/www.semanariotiempo.cl\/index.php?rest_route=%2Fwp%2Fv2%2Fcomments&post=10169"}],"version-history":[{"count":0,"href":"https:\/\/www.semanariotiempo.cl\/index.php?rest_route=\/wp\/v2\/posts\/10169\/revisions"}],"wp:featuredmedia":[{"embeddable":true,"href":"https:\/\/www.semanariotiempo.cl\/index.php?rest_route=\/wp\/v2\/media\/10170"}],"wp:attachment":[{"href":"https:\/\/www.semanariotiempo.cl\/index.php?rest_route=%2Fwp%2Fv2%2Fmedia&parent=10169"}],"wp:term":[{"taxonomy":"category","embeddable":true,"href":"https:\/\/www.semanariotiempo.cl\/index.php?rest_route=%2Fwp%2Fv2%2Fcategories&post=10169"},{"taxonomy":"post_tag","embeddable":true,"href":"https:\/\/www.semanariotiempo.cl\/index.php?rest_route=%2Fwp%2Fv2%2Ftags&post=10169"}],"curies":[{"name":"wp","href":"https:\/\/api.w.org\/{rel}","templated":true}]}}