{"id":10166,"date":"2023-09-25T19:41:25","date_gmt":"2023-09-25T22:41:25","guid":{"rendered":"https:\/\/www.semanariotiempo.cl\/?p=10166"},"modified":"2023-09-25T19:41:28","modified_gmt":"2023-09-25T22:41:28","slug":"obras-de-urbanizacion-basica-en-la-higuera-sumaran-8-420-millones-de-inversion","status":"publish","type":"post","link":"https:\/\/www.semanariotiempo.cl\/?p=10166","title":{"rendered":"Obras de urbanizaci\u00f3n b\u00e1sica en La Higuera sumar\u00e1n $8.420 millones de inversi\u00f3n"},"content":{"rendered":"<div class=\"wp-block-image\">\n<figure class=\"aligncenter size-full\"><img loading=\"lazy\" decoding=\"async\" width=\"960\" height=\"540\" src=\"https:\/\/www.semanariotiempo.cl\/wp-content\/uploads\/2023\/09\/La-Higuerad.jpg\" alt=\"\" class=\"wp-image-10167\" srcset=\"https:\/\/www.semanariotiempo.cl\/wp-content\/uploads\/2023\/09\/La-Higuerad.jpg 960w, https:\/\/www.semanariotiempo.cl\/wp-content\/uploads\/2023\/09\/La-Higuerad-300x169.jpg 300w, https:\/\/www.semanariotiempo.cl\/wp-content\/uploads\/2023\/09\/La-Higuerad-768x432.jpg 768w, https:\/\/www.semanariotiempo.cl\/wp-content\/uploads\/2023\/09\/La-Higuerad-696x392.jpg 696w, https:\/\/www.semanariotiempo.cl\/wp-content\/uploads\/2023\/09\/La-Higuerad-747x420.jpg 747w\" sizes=\"auto, (max-width: 960px) 100vw, 960px\" \/><\/figure>\n<\/div>\n\n\n<p class=\"wp-block-paragraph\">Un\u00e1nime fue la votaci\u00f3n del Consejo Regional (CORE) para aprobar un suplemento de fondos por $189.743 millones para las obras de urbanizaci\u00f3n b\u00e1sica en la comuna de La Higuera, proyecto que se desarrollar\u00e1 para m\u00e1s de 500 viviendas, poblaci\u00f3n de 2.057 habitantes.<br>En relaci\u00f3n con estos recursos adicionales, es importante aclarar que el Ministerio de Hacienda emiti\u00f3 el Decreto N\u00b0304 el 23 de marzo de este a\u00f1o en respuesta a la crisis sanitaria, habilitando ajustes excepcionales en los contratos de construcci\u00f3n. En este marco, el contrato del proyecto cumpli\u00f3 con todos los requisitos establecidos.<br>Sobre este punto, el alcalde de La Higuera, Yerko Galleguillos, explic\u00f3 que \u201ceste proyecto de ley permiti\u00f3 que se generara un reajuste en las obras p\u00fablicas, no solamente las que ejecuta el ministerio, sino que tambi\u00e9n las que ejecutamos los municipios gracias a los recursos del Gobierno Regional. Agradecer a la gobernadora y a todo su equipo t\u00e9cnico, por las facilidades y voluntades para poder sacar adelante estas nuevas iniciativas en beneficio de la comuna\u201d.<br>Respecto a este apoyo a La Higuera, con recursos que ya superan los $8.420 millones desde el Gobierno Regional, la gobernadora Krist Naranjo, expres\u00f3 que \u201ccontinuamos poniendo en el centro de nuestra gesti\u00f3n a la ciudadan\u00eda. Como Gobierno Regional tenemos un compromiso con las familias de La Higuera y hoy estamos cumpliendo. El saneamiento sanitario y alcantarillado viene a entregar mejor calidad de vida para sus habitantes que esperan con anhelo que se concrete este proyecto. Como gobernadora regional seguir\u00e9 trabajando y apostando por la descentralizaci\u00f3n y equidad territorial, desarrollo humano sustentable y sobre todo porque nuestra regi\u00f3n avance hacia una zona desarrollada, pero con sostenibilidad\u201d.<br>El proyecto contar\u00e1 con 14.309 metros de longitud de colectores, 12.255 metros de matriz APR, con 11.126 metros de impulsi\u00f3n, con 2 Plantas Elevadoras (PEAS), con 11.960 metros cuadrados de pavimentos (solo calzada), arranques, soluciones intermedias y casetas.<\/p>\n","protected":false},"excerpt":{"rendered":"<p>Un\u00e1nime fue la votaci\u00f3n del Consejo Regional (CORE) para aprobar un suplemento de fondos por $189.743 millones para las obras de urbanizaci\u00f3n b\u00e1sica en la comuna de La Higuera, proyecto que se desarrollar\u00e1 para m\u00e1s de 500 viviendas, poblaci\u00f3n de 2.057 habitantes.En relaci\u00f3n con estos recursos adicionales, es importante aclarar que el Ministerio de Hacienda [&hellip;]<\/p>\n","protected":false},"author":1,"featured_media":10167,"comment_status":"open","ping_status":"open","sticky":false,"template":"","format":"standard","meta":{"tdm_status":"","tdm_grid_status":"","footnotes":"","_wpscppro_dont_share_socialmedia":false,"_wpscppro_custom_social_share_image":0,"_facebook_share_type":"","_twitter_share_type":"","_linkedin_share_type":"","_pinterest_share_type":"","_linkedin_share_type_page":"","_instagram_share_type":"","_medium_share_type":"","_threads_share_type":"","_google_business_share_type":"","_bluesky_share_type":"","_mastodon_share_type":"","_selected_social_profile":[],"_wpsp_enable_custom_social_template":false,"_wpsp_social_scheduling":{"enabled":false,"datetime":null,"platforms":[],"status":"template_only","dateOption":"today","timeOption":"now","customDays":"","customHours":"","customDate":"","customTime":"","schedulingType":"absolute"},"_wpsp_active_default_template":true},"categories":[1],"tags":[8,28],"class_list":["post-10166","post","type-post","status-publish","format-standard","has-post-thumbnail","hentry","category-uncategorized","tag-marketing","tag-site-tips"],"_links":{"self":[{"href":"https:\/\/www.semanariotiempo.cl\/index.php?rest_route=\/wp\/v2\/posts\/10166","targetHints":{"allow":["GET"]}}],"collection":[{"href":"https:\/\/www.semanariotiempo.cl\/index.php?rest_route=\/wp\/v2\/posts"}],"about":[{"href":"https:\/\/www.semanariotiempo.cl\/index.php?rest_route=\/wp\/v2\/types\/post"}],"author":[{"embeddable":true,"href":"https:\/\/www.semanariotiempo.cl\/index.php?rest_route=\/wp\/v2\/users\/1"}],"replies":[{"embeddable":true,"href":"https:\/\/www.semanariotiempo.cl\/index.php?rest_route=%2Fwp%2Fv2%2Fcomments&post=10166"}],"version-history":[{"count":0,"href":"https:\/\/www.semanariotiempo.cl\/index.php?rest_route=\/wp\/v2\/posts\/10166\/revisions"}],"wp:featuredmedia":[{"embeddable":true,"href":"https:\/\/www.semanariotiempo.cl\/index.php?rest_route=\/wp\/v2\/media\/10167"}],"wp:attachment":[{"href":"https:\/\/www.semanariotiempo.cl\/index.php?rest_route=%2Fwp%2Fv2%2Fmedia&parent=10166"}],"wp:term":[{"taxonomy":"category","embeddable":true,"href":"https:\/\/www.semanariotiempo.cl\/index.php?rest_route=%2Fwp%2Fv2%2Fcategories&post=10166"},{"taxonomy":"post_tag","embeddable":true,"href":"https:\/\/www.semanariotiempo.cl\/index.php?rest_route=%2Fwp%2Fv2%2Ftags&post=10166"}],"curies":[{"name":"wp","href":"https:\/\/api.w.org\/{rel}","templated":true}]}}