{"id":10157,"date":"2023-09-25T19:10:23","date_gmt":"2023-09-25T22:10:23","guid":{"rendered":"https:\/\/www.semanariotiempo.cl\/?p=10157"},"modified":"2023-09-25T19:10:25","modified_gmt":"2023-09-25T22:10:25","slug":"sube-la-cifra-de-ocupados-en-todos-los-rangos-de-edad-nivel-educacional-y-genero","status":"publish","type":"post","link":"https:\/\/www.semanariotiempo.cl\/?p=10157","title":{"rendered":"Sube la cifra de ocupados en todos los rangos de edad, nivel educacional y g\u00e9nero"},"content":{"rendered":"\n<h4 class=\"wp-block-heading has-vivid-red-color has-text-color\"><strong>De acuerdo a datos proporcionados por el Observatorio Laboral de Sence, en la Regi\u00f3n de Coquimbo el mercado del trabajo est\u00e1 llegando a los niveles prepandemia, demostrando una recuperaci\u00f3n transversal.<\/strong><\/h4>\n\n\n<div class=\"wp-block-image\">\n<figure class=\"aligncenter size-full\"><img loading=\"lazy\" decoding=\"async\" width=\"960\" height=\"640\" src=\"https:\/\/www.semanariotiempo.cl\/wp-content\/uploads\/2023\/09\/trabajo.jpg\" alt=\"\" class=\"wp-image-10158\" srcset=\"https:\/\/www.semanariotiempo.cl\/wp-content\/uploads\/2023\/09\/trabajo.jpg 960w, https:\/\/www.semanariotiempo.cl\/wp-content\/uploads\/2023\/09\/trabajo-300x200.jpg 300w, https:\/\/www.semanariotiempo.cl\/wp-content\/uploads\/2023\/09\/trabajo-768x512.jpg 768w, https:\/\/www.semanariotiempo.cl\/wp-content\/uploads\/2023\/09\/trabajo-696x464.jpg 696w, https:\/\/www.semanariotiempo.cl\/wp-content\/uploads\/2023\/09\/trabajo-630x420.jpg 630w\" sizes=\"auto, (max-width: 960px) 100vw, 960px\" \/><\/figure>\n<\/div>\n\n\n<p class=\"wp-block-paragraph\">Muy lejos est\u00e1n quedando los efectos negativos de la pandemia en el mercado del trabajo de la Regi\u00f3n de Coquimbo, ya que las tasas de ocupaci\u00f3n han tenido un crecimiento constante, alcanzando en el trimestre mayo \u2013 julio de este a\u00f1o un 53,7 por ciento, casi 10 puntos porcentuales m\u00e1s que los registrados en igual trimestre de 2020, de acuerdo con lo publicado en el Term\u00f3metro Laboral de septiembre.<\/p>\n\n\n\n<p class=\"wp-block-paragraph\">Eduardo Toro, Director Regional (s) del Servicio Nacional de Capacitaci\u00f3n y Empleo, SENCE, explic\u00f3 que \u201ceste crecimiento en la tasa de ocupaci\u00f3n se est\u00e1 dando no de manera puntual, sino que hemos observado una recuperaci\u00f3n en los diferentes grupos, ya sea por rango de edad, por nivel educacional y tambi\u00e9n por g\u00e9nero, lo que es un claro indicio de que la econom\u00eda regional se ha estado recuperando de manera transversal\u201d.<\/p>\n\n\n\n<p class=\"wp-block-paragraph\">Como ejemplo, la tasa de ocupaci\u00f3n de las mujeres registr\u00f3 un incremento en comparaci\u00f3n al mismo trimestre de 2022, lo que es equivalente a 8.658 nuevas trabajadoras. El documento donde se puede conocer el panorama completo del mercado del trabajo puede ser descargado en forma gratuita en www.observatorionacional.cl\/coquimbo, en la secci\u00f3n de \u00daltimas Publicaciones.<\/p>\n\n\n\n<p class=\"wp-block-paragraph\">Este estudio fue elaborado por profesionales del Observatorio Laboral de la Regi\u00f3n de Coquimbo, una iniciativa de Sence que es ejecutada por la Universidad Cat\u00f3lica del Norte a trav\u00e9s de su Escuela de Ciencias Empresariales y el Instituto de Pol\u00edticas P\u00fablicas.<br>Esta entidad tiene la misi\u00f3n de producir informaci\u00f3n sobre el funcionamiento, caracterizaci\u00f3n y din\u00e1mica del mercado de trabajo regional.<\/p>\n","protected":false},"excerpt":{"rendered":"<p>De acuerdo a datos proporcionados por el Observatorio Laboral de Sence, en la Regi\u00f3n de Coquimbo el mercado del trabajo est\u00e1 llegando a los niveles prepandemia, demostrando una recuperaci\u00f3n transversal. Muy lejos est\u00e1n quedando los efectos negativos de la pandemia en el mercado del trabajo de la Regi\u00f3n de Coquimbo, ya que las tasas de [&hellip;]<\/p>\n","protected":false},"author":1,"featured_media":10158,"comment_status":"open","ping_status":"open","sticky":false,"template":"","format":"standard","meta":{"tdm_status":"","tdm_grid_status":"","footnotes":"","_wpscppro_dont_share_socialmedia":false,"_wpscppro_custom_social_share_image":0,"_facebook_share_type":"","_twitter_share_type":"","_linkedin_share_type":"","_pinterest_share_type":"","_linkedin_share_type_page":"","_instagram_share_type":"","_medium_share_type":"","_threads_share_type":"","_google_business_share_type":"","_bluesky_share_type":"","_mastodon_share_type":"","_selected_social_profile":[],"_wpsp_enable_custom_social_template":false,"_wpsp_social_scheduling":{"enabled":false,"datetime":null,"platforms":[],"status":"template_only","dateOption":"today","timeOption":"now","customDays":"","customHours":"","customDate":"","customTime":"","schedulingType":"absolute"},"_wpsp_active_default_template":true},"categories":[1],"tags":[8,28],"class_list":["post-10157","post","type-post","status-publish","format-standard","has-post-thumbnail","hentry","category-uncategorized","tag-marketing","tag-site-tips"],"_links":{"self":[{"href":"https:\/\/www.semanariotiempo.cl\/index.php?rest_route=\/wp\/v2\/posts\/10157","targetHints":{"allow":["GET"]}}],"collection":[{"href":"https:\/\/www.semanariotiempo.cl\/index.php?rest_route=\/wp\/v2\/posts"}],"about":[{"href":"https:\/\/www.semanariotiempo.cl\/index.php?rest_route=\/wp\/v2\/types\/post"}],"author":[{"embeddable":true,"href":"https:\/\/www.semanariotiempo.cl\/index.php?rest_route=\/wp\/v2\/users\/1"}],"replies":[{"embeddable":true,"href":"https:\/\/www.semanariotiempo.cl\/index.php?rest_route=%2Fwp%2Fv2%2Fcomments&post=10157"}],"version-history":[{"count":0,"href":"https:\/\/www.semanariotiempo.cl\/index.php?rest_route=\/wp\/v2\/posts\/10157\/revisions"}],"wp:featuredmedia":[{"embeddable":true,"href":"https:\/\/www.semanariotiempo.cl\/index.php?rest_route=\/wp\/v2\/media\/10158"}],"wp:attachment":[{"href":"https:\/\/www.semanariotiempo.cl\/index.php?rest_route=%2Fwp%2Fv2%2Fmedia&parent=10157"}],"wp:term":[{"taxonomy":"category","embeddable":true,"href":"https:\/\/www.semanariotiempo.cl\/index.php?rest_route=%2Fwp%2Fv2%2Fcategories&post=10157"},{"taxonomy":"post_tag","embeddable":true,"href":"https:\/\/www.semanariotiempo.cl\/index.php?rest_route=%2Fwp%2Fv2%2Ftags&post=10157"}],"curies":[{"name":"wp","href":"https:\/\/api.w.org\/{rel}","templated":true}]}}