{"id":10147,"date":"2023-09-20T22:40:19","date_gmt":"2023-09-21T01:40:19","guid":{"rendered":"https:\/\/www.semanariotiempo.cl\/?p=10147"},"modified":"2023-09-20T22:40:23","modified_gmt":"2023-09-21T01:40:23","slug":"gremio-agricola-expuso-junto-a-pisqueros-y-regantes-grave-situacion-por-la-falta-de-agua-al-ministro-de-agricultura","status":"publish","type":"post","link":"https:\/\/www.semanariotiempo.cl\/?p=10147","title":{"rendered":"Gremio agr\u00edcola expuso junto a pisqueros y regantes grave situaci\u00f3n por la falta de agua al Ministro de Agricultura"},"content":{"rendered":"\n<h4 class=\"wp-block-heading has-vivid-red-color has-text-color\"><strong>En Santiago se realiz\u00f3 una importante reuni\u00f3n entre el Ministro de Agricultura, Esteban Valenzuela, gracias a las gestiones del Senador Mat\u00edas Walker, junto a la Sociedad Agr\u00edcola del Norte, representantes de las Juntas de Vigilancia de las tres provincias, agricultores y tambi\u00e9n representantes del \u00e1mbito pisquero.<\/strong><\/h4>\n\n\n<div class=\"wp-block-image\">\n<figure class=\"aligncenter size-full\"><img loading=\"lazy\" decoding=\"async\" width=\"960\" height=\"720\" src=\"https:\/\/www.semanariotiempo.cl\/wp-content\/uploads\/2023\/09\/regantes-1.jpg\" alt=\"\" class=\"wp-image-10148\" srcset=\"https:\/\/www.semanariotiempo.cl\/wp-content\/uploads\/2023\/09\/regantes-1.jpg 960w, https:\/\/www.semanariotiempo.cl\/wp-content\/uploads\/2023\/09\/regantes-1-300x225.jpg 300w, https:\/\/www.semanariotiempo.cl\/wp-content\/uploads\/2023\/09\/regantes-1-768x576.jpg 768w, https:\/\/www.semanariotiempo.cl\/wp-content\/uploads\/2023\/09\/regantes-1-696x522.jpg 696w, https:\/\/www.semanariotiempo.cl\/wp-content\/uploads\/2023\/09\/regantes-1-560x420.jpg 560w, https:\/\/www.semanariotiempo.cl\/wp-content\/uploads\/2023\/09\/regantes-1-80x60.jpg 80w, https:\/\/www.semanariotiempo.cl\/wp-content\/uploads\/2023\/09\/regantes-1-265x198.jpg 265w\" sizes=\"auto, (max-width: 960px) 100vw, 960px\" \/><\/figure>\n<\/div>\n\n\n<p class=\"wp-block-paragraph\">Cada persona tuvo 3 minutos para exponer sus puntos y donde se trat\u00f3 de la situaci\u00f3n de la bater\u00eda de pozos, secos y operativos, el recambio u avance del riego tecnificado, se analiz\u00f3 tema de estimulaci\u00f3n de nubes, el avance de la desalinizadora este 2024, la entrega de geomembranas, la extensi\u00f3n del FOGAPE agr\u00edcola y ampliaci\u00f3n a todos los bancos.<br>Para Daniela Norambuena Gerente de la SAN, la cita fue para presentar propuestas y adem\u00e1s exponer desde los mismos dirigentes, la grave situaci\u00f3n de la sequ\u00eda donde en algunos lugares el agua llegar\u00eda hasta diciembre, como es el caso de Combarbal\u00e1.<br>Seg\u00fan Norambuena en la ocasi\u00f3n \u201cse solicit\u00f3 una pol\u00edtica p\u00fablica h\u00eddrica regional, el avanzar en los proyectos detenidos en el Gobierno Regional con los convenios de la CNR, la afectaci\u00f3n de la sequ\u00eda a los pisqueros, la continuidad en la administraci\u00f3n conjunta para junta de vigilancia del r\u00edo Illapel y la importancia del embalse Valle Hermoso en Combarbal\u00e1 que es un ejemplo que entrega seguridad para el consumo humano del sector. Se habl\u00f3 tambi\u00e9n de la importancia de los embalses m\u00e1s peque\u00f1os de unos 20 mill m3 en las cabeceras de las provincias de Limar\u00ed y Choapa\u201d.<br><br><strong><mark style=\"background-color:rgba(0, 0, 0, 0)\" class=\"has-inline-color has-vivid-red-color\">LOS COMPROMISOS DEL MINISTRO<\/mark><\/strong><br>Los compromisos asumidos en la reuni\u00f3n por parte del Ministro Esteban Valenzuela es que se trabajar\u00e1 con 5 ministerios para un plan regi\u00f3n de Coquimbo por la escasez h\u00eddrica. La renovaci\u00f3n de los decretos de cat\u00e1strofe para adicionar recursos y b\u00fasqueda de nuevos para ir en apoyos de agricultores no INDAP. Agilizaci\u00f3n del proyecto de desaladoras para las provincias de Elqui y Limar\u00ed. Instalaci\u00f3n de la una mesa de sequ\u00eda regional con todos los actores, trabajo para instaurar tranques comunitarios o bien pozos. An\u00e1lisis de pozos de agua que se autoricen con derecho provisional de la DGA y revisi\u00f3n del proyecto del tranque Murallas Viejas en Limar\u00ed.<br><br><strong><mark style=\"background-color:rgba(0, 0, 0, 0)\" class=\"has-inline-color has-vivid-red-color\">PISQUEROS ESTIMAN UN 30% DE P\u00c9RDIDAS<\/mark><\/strong><br>El Presidente de la Cooperativa Control Mauricio Estay explic\u00f3 que las estimaciones indican que habr\u00e1 sobre un 30% de p\u00e9rdida, m\u00e1s de 10 mil millones menos de dinero en la regi\u00f3n, \u201cque es muy catastr\u00f3fico para la zona, por eso queremos medida de mediano y largo plazo para generar una pol\u00edtica p\u00fablica sobre el agua, se requieren medidas urgentes. La recuperaci\u00f3n de esa p\u00e9rdida es en unos 10 a\u00f1os y aqu\u00ed se ver\u00e1n afectadas m\u00e1s de 2 mil familias, peque\u00f1os productores de uva pisquera. Adem\u00e1s, tenemos 200 marcas pymes de pisco que tambi\u00e9n se ver\u00e1n afectadas por la sequ\u00eda\u201d.<br><br><strong><mark style=\"background-color:rgba(0, 0, 0, 0)\" class=\"has-inline-color has-vivid-red-color\">SE PIDE RENOVACI\u00d3N DE DECRETOS<\/mark><\/strong><br>El Senador Mat\u00edas Walker sostuvo que el escenario regional es complejo porque s\u00f3lo ha llovido 1 d\u00eda en algunos puntos a excepci\u00f3n de Choapa donde ha ca\u00eddo m\u00e1s de precipitaci\u00f3n, pero la capacidad regional embalsada es de un 12%, lo que complica las labores agr\u00edcolas, productivas y de riego. Sostuvo que se buscan alternativas para impulsar proyectos que ataquen el tema de la falta de agua y \u201cla renovaci\u00f3n de la declaraci\u00f3n de zona de cat\u00e1strofe, tambi\u00e9n de la emergencia agr\u00edcola y escasez h\u00eddrica, pero que vayan acompa\u00f1ados por recursos de emergencia, con bonos a los usuarios no Indap.\u201d<br>En la reuni\u00f3n se inform\u00f3 que el Secretario Ejecutivo de la CNR, Wilson Ureta, viajar\u00e1 a la regi\u00f3n el pr\u00f3ximo 5 de octubre y ministro de Agricultura mandat\u00f3 al Seremi de la zona para hacer seguimiento a los compromisos.<\/p>\n","protected":false},"excerpt":{"rendered":"<p>En Santiago se realiz\u00f3 una importante reuni\u00f3n entre el Ministro de Agricultura, Esteban Valenzuela, gracias a las gestiones del Senador Mat\u00edas Walker, junto a la Sociedad Agr\u00edcola del Norte, representantes de las Juntas de Vigilancia de las tres provincias, agricultores y tambi\u00e9n representantes del \u00e1mbito pisquero. Cada persona tuvo 3 minutos para exponer sus puntos [&hellip;]<\/p>\n","protected":false},"author":1,"featured_media":10148,"comment_status":"open","ping_status":"open","sticky":false,"template":"","format":"standard","meta":{"tdm_status":"","tdm_grid_status":"","footnotes":"","_wpscppro_dont_share_socialmedia":false,"_wpscppro_custom_social_share_image":0,"_facebook_share_type":"","_twitter_share_type":"","_linkedin_share_type":"","_pinterest_share_type":"","_linkedin_share_type_page":"","_instagram_share_type":"","_medium_share_type":"","_threads_share_type":"","_google_business_share_type":"","_bluesky_share_type":"","_mastodon_share_type":"","_selected_social_profile":[],"_wpsp_enable_custom_social_template":false,"_wpsp_social_scheduling":{"enabled":false,"datetime":null,"platforms":[],"status":"template_only","dateOption":"today","timeOption":"now","customDays":"","customHours":"","customDate":"","customTime":"","schedulingType":"absolute"},"_wpsp_active_default_template":true},"categories":[1],"tags":[8,28,7],"class_list":["post-10147","post","type-post","status-publish","format-standard","has-post-thumbnail","hentry","category-uncategorized","tag-marketing","tag-site-tips","tag-wordpress"],"_links":{"self":[{"href":"https:\/\/www.semanariotiempo.cl\/index.php?rest_route=\/wp\/v2\/posts\/10147","targetHints":{"allow":["GET"]}}],"collection":[{"href":"https:\/\/www.semanariotiempo.cl\/index.php?rest_route=\/wp\/v2\/posts"}],"about":[{"href":"https:\/\/www.semanariotiempo.cl\/index.php?rest_route=\/wp\/v2\/types\/post"}],"author":[{"embeddable":true,"href":"https:\/\/www.semanariotiempo.cl\/index.php?rest_route=\/wp\/v2\/users\/1"}],"replies":[{"embeddable":true,"href":"https:\/\/www.semanariotiempo.cl\/index.php?rest_route=%2Fwp%2Fv2%2Fcomments&post=10147"}],"version-history":[{"count":0,"href":"https:\/\/www.semanariotiempo.cl\/index.php?rest_route=\/wp\/v2\/posts\/10147\/revisions"}],"wp:featuredmedia":[{"embeddable":true,"href":"https:\/\/www.semanariotiempo.cl\/index.php?rest_route=\/wp\/v2\/media\/10148"}],"wp:attachment":[{"href":"https:\/\/www.semanariotiempo.cl\/index.php?rest_route=%2Fwp%2Fv2%2Fmedia&parent=10147"}],"wp:term":[{"taxonomy":"category","embeddable":true,"href":"https:\/\/www.semanariotiempo.cl\/index.php?rest_route=%2Fwp%2Fv2%2Fcategories&post=10147"},{"taxonomy":"post_tag","embeddable":true,"href":"https:\/\/www.semanariotiempo.cl\/index.php?rest_route=%2Fwp%2Fv2%2Ftags&post=10147"}],"curies":[{"name":"wp","href":"https:\/\/api.w.org\/{rel}","templated":true}]}}