{"id":10137,"date":"2023-09-20T22:21:46","date_gmt":"2023-09-21T01:21:46","guid":{"rendered":"https:\/\/www.semanariotiempo.cl\/?p=10137"},"modified":"2023-09-20T22:21:48","modified_gmt":"2023-09-21T01:21:48","slug":"heidi-hammel-vicepresidenta-aura-el-astroturismo-es-una-maravillosa-oportunidad-economica","status":"publish","type":"post","link":"https:\/\/www.semanariotiempo.cl\/?p=10137","title":{"rendered":"Heidi Hammel, vicepresidenta Aura: \u201cEl astroturismo es una maravillosa oportunidad econ\u00f3mica\u201d"},"content":{"rendered":"\n<h4 class=\"wp-block-heading has-vivid-red-color has-text-color\"><strong>La destacada cient\u00edfica abord\u00f3 las posibilidades de desarrollo y los desaf\u00edos que enfrenta el astroturismo en la Regi\u00f3n de Coquimbo.<\/strong><\/h4>\n\n\n<div class=\"wp-block-image\">\n<figure class=\"aligncenter size-full is-resized\"><img loading=\"lazy\" decoding=\"async\" src=\"https:\/\/www.semanariotiempo.cl\/wp-content\/uploads\/2023\/09\/HBHammel-headshot.jpg\" alt=\"\" class=\"wp-image-10138\" style=\"object-fit:cover;width:453px;height:302px\" width=\"453\" height=\"302\"\/><figcaption class=\"wp-element-caption\">Heidi Hammel es Vicepresidenta de Ciencias de la Asociaci\u00f3n de Universidades para la Investigaci\u00f3n en Astronom\u00eda (AURA).<\/figcaption><\/figure>\n<\/div>\n\n\n<p class=\"wp-block-paragraph\">Durante una charla realizada en la Universidad Central Regi\u00f3n de Coquimbo, la Vicepresidenta de Ciencias de la Asociaci\u00f3n de Universidades para la Investigaci\u00f3n en Astronom\u00eda (AURA), Heidi Hammel, se refiri\u00f3 a las posibilidades de desarrollo y a los desaf\u00edos que enfrenta el astroturismo en la zona.<br>Para la cient\u00edfica \u201ces una manera maravillosa de conectar a la gente com\u00fan con uno de los recursos m\u00e1s bellos de la naturaleza: nuestro cielo nocturno. Y los cielos de Chile son particularmente pr\u00edstinos, lo que hace que el astroturismo sea una maravillosa oportunidad econ\u00f3mica para la gente de aqu\u00ed\u201d, se\u00f1al\u00f3 la investigadora de AURA.<br>Adem\u00e1s, Hammel agreg\u00f3 que \u201cmuchos proyectos de investigaci\u00f3n cient\u00edfica actuales son colaboraciones de astr\u00f3nomos profesionales y astr\u00f3nomos aficionados. El astroturismo es, a menudo, la chispa que lleva a los aficionados a estas colaboraciones, por lo que desempe\u00f1an un papel importante a la hora de unirnos con el universo que nos rodea\u201d.<br>De acuerdo a lo que explic\u00f3 la vicepresidenta de AURA, uno de los principales desaf\u00edos que debe enfrentar la Regi\u00f3n de Coquimbo para situarse como polo de desarrollo cient\u00edfico en materia astron\u00f3mica es lograr contar con un centro de investigaciones con total oscuridad para ver el cielo.<br>En ese sentido, Hammel explic\u00f3 que \u201ces necesario trabajar estrechamente con la comunidad local e incluso con el \u00e1rea circundante en general: la contaminaci\u00f3n lum\u00ednica no s\u00f3lo perturba la astronom\u00eda, sino que de hecho desperdicia energ\u00eda y, por lo tanto, cuesta m\u00e1s; y perturba el entorno natural de muchos animales y aves diferentes\u201d.<br>Finalmente, la cient\u00edfica inst\u00f3 a la comunidad a fomentar el amor por el aprendizaje, dado que es buena manera para promover la ciencia en general y la astronom\u00eda en particular. \u201cEl amor por la lectura, exploraci\u00f3n, m\u00fasica y rompecabezas ampl\u00edan las mentes de los j\u00f3venes y puede conducir hacia las ciencias\u201d, concluy\u00f3.<\/p>\n","protected":false},"excerpt":{"rendered":"<p>La destacada cient\u00edfica abord\u00f3 las posibilidades de desarrollo y los desaf\u00edos que enfrenta el astroturismo en la Regi\u00f3n de Coquimbo. Durante una charla realizada en la Universidad Central Regi\u00f3n de Coquimbo, la Vicepresidenta de Ciencias de la Asociaci\u00f3n de Universidades para la Investigaci\u00f3n en Astronom\u00eda (AURA), Heidi Hammel, se refiri\u00f3 a las posibilidades de desarrollo [&hellip;]<\/p>\n","protected":false},"author":1,"featured_media":10139,"comment_status":"open","ping_status":"open","sticky":false,"template":"","format":"standard","meta":{"tdm_status":"","tdm_grid_status":"","footnotes":"","_wpscppro_dont_share_socialmedia":false,"_wpscppro_custom_social_share_image":0,"_facebook_share_type":"","_twitter_share_type":"","_linkedin_share_type":"","_pinterest_share_type":"","_linkedin_share_type_page":"","_instagram_share_type":"","_medium_share_type":"","_threads_share_type":"","_google_business_share_type":"","_bluesky_share_type":"","_mastodon_share_type":"","_selected_social_profile":[],"_wpsp_enable_custom_social_template":false,"_wpsp_social_scheduling":{"enabled":false,"datetime":null,"platforms":[],"status":"template_only","dateOption":"today","timeOption":"now","customDays":"","customHours":"","customDate":"","customTime":"","schedulingType":"absolute"},"_wpsp_active_default_template":true},"categories":[1],"tags":[8],"class_list":["post-10137","post","type-post","status-publish","format-standard","has-post-thumbnail","hentry","category-uncategorized","tag-marketing"],"_links":{"self":[{"href":"https:\/\/www.semanariotiempo.cl\/index.php?rest_route=\/wp\/v2\/posts\/10137","targetHints":{"allow":["GET"]}}],"collection":[{"href":"https:\/\/www.semanariotiempo.cl\/index.php?rest_route=\/wp\/v2\/posts"}],"about":[{"href":"https:\/\/www.semanariotiempo.cl\/index.php?rest_route=\/wp\/v2\/types\/post"}],"author":[{"embeddable":true,"href":"https:\/\/www.semanariotiempo.cl\/index.php?rest_route=\/wp\/v2\/users\/1"}],"replies":[{"embeddable":true,"href":"https:\/\/www.semanariotiempo.cl\/index.php?rest_route=%2Fwp%2Fv2%2Fcomments&post=10137"}],"version-history":[{"count":0,"href":"https:\/\/www.semanariotiempo.cl\/index.php?rest_route=\/wp\/v2\/posts\/10137\/revisions"}],"wp:featuredmedia":[{"embeddable":true,"href":"https:\/\/www.semanariotiempo.cl\/index.php?rest_route=\/wp\/v2\/media\/10139"}],"wp:attachment":[{"href":"https:\/\/www.semanariotiempo.cl\/index.php?rest_route=%2Fwp%2Fv2%2Fmedia&parent=10137"}],"wp:term":[{"taxonomy":"category","embeddable":true,"href":"https:\/\/www.semanariotiempo.cl\/index.php?rest_route=%2Fwp%2Fv2%2Fcategories&post=10137"},{"taxonomy":"post_tag","embeddable":true,"href":"https:\/\/www.semanariotiempo.cl\/index.php?rest_route=%2Fwp%2Fv2%2Ftags&post=10137"}],"curies":[{"name":"wp","href":"https:\/\/api.w.org\/{rel}","templated":true}]}}