{"id":10059,"date":"2023-09-12T19:30:59","date_gmt":"2023-09-12T22:30:59","guid":{"rendered":"https:\/\/www.semanariotiempo.cl\/?p=10059"},"modified":"2023-09-12T19:31:01","modified_gmt":"2023-09-12T22:31:01","slug":"productoras-locales-logran-los-tres-primeros-lugares-en-la-copa-america-del-queso-realizada-en-ecuador","status":"publish","type":"post","link":"https:\/\/www.semanariotiempo.cl\/?p=10059","title":{"rendered":"Productoras locales logran los tres primeros lugares en la \u201cCopa Am\u00e9rica\u201d del Queso realizada en Ecuador"},"content":{"rendered":"\n<h4 class=\"wp-block-heading has-vivid-red-color has-text-color\"><strong>El Queso Cabrita Malpaso de Caprinos Villaseca se adjudic\u00f3 el primer y tercer puesto en el certamen, mientras que el Queso de Cabra en Aceite de Oliva y Merk\u00e9n de Las Majadas obtuvo el segundo lugar. Ambas empresas son apoyadas por el Programa Transforma Caprino de Corfo.<\/strong><\/h4>\n\n\n<div class=\"wp-block-image\">\n<figure class=\"aligncenter size-large\"><img loading=\"lazy\" decoding=\"async\" width=\"1024\" height=\"683\" src=\"https:\/\/www.semanariotiempo.cl\/wp-content\/uploads\/2023\/09\/copaqueso2-1024x683.jpg\" alt=\"\" class=\"wp-image-10060\" srcset=\"https:\/\/www.semanariotiempo.cl\/wp-content\/uploads\/2023\/09\/copaqueso2-1024x683.jpg 1024w, https:\/\/www.semanariotiempo.cl\/wp-content\/uploads\/2023\/09\/copaqueso2-300x200.jpg 300w, https:\/\/www.semanariotiempo.cl\/wp-content\/uploads\/2023\/09\/copaqueso2-768x512.jpg 768w, https:\/\/www.semanariotiempo.cl\/wp-content\/uploads\/2023\/09\/copaqueso2-696x464.jpg 696w, https:\/\/www.semanariotiempo.cl\/wp-content\/uploads\/2023\/09\/copaqueso2-1068x712.jpg 1068w, https:\/\/www.semanariotiempo.cl\/wp-content\/uploads\/2023\/09\/copaqueso2-630x420.jpg 630w, https:\/\/www.semanariotiempo.cl\/wp-content\/uploads\/2023\/09\/copaqueso2.jpg 1200w\" sizes=\"auto, (max-width: 1024px) 100vw, 1024px\" \/><\/figure>\n<\/div>\n\n<div class=\"wp-block-image\">\n<figure class=\"aligncenter size-large\"><img loading=\"lazy\" decoding=\"async\" width=\"1024\" height=\"683\" src=\"https:\/\/www.semanariotiempo.cl\/wp-content\/uploads\/2023\/09\/copaqueso3-1024x683.jpg\" alt=\"\" class=\"wp-image-10061\" srcset=\"https:\/\/www.semanariotiempo.cl\/wp-content\/uploads\/2023\/09\/copaqueso3-1024x683.jpg 1024w, https:\/\/www.semanariotiempo.cl\/wp-content\/uploads\/2023\/09\/copaqueso3-300x200.jpg 300w, https:\/\/www.semanariotiempo.cl\/wp-content\/uploads\/2023\/09\/copaqueso3-768x512.jpg 768w, https:\/\/www.semanariotiempo.cl\/wp-content\/uploads\/2023\/09\/copaqueso3-696x464.jpg 696w, https:\/\/www.semanariotiempo.cl\/wp-content\/uploads\/2023\/09\/copaqueso3-1068x712.jpg 1068w, https:\/\/www.semanariotiempo.cl\/wp-content\/uploads\/2023\/09\/copaqueso3-630x420.jpg 630w, https:\/\/www.semanariotiempo.cl\/wp-content\/uploads\/2023\/09\/copaqueso3.jpg 1200w\" sizes=\"auto, (max-width: 1024px) 100vw, 1024px\" \/><\/figure>\n<\/div>\n\n\n<p class=\"wp-block-paragraph\">Dos productoras de la regi\u00f3n de Coquimbo triunfaron con sus productos en la Copa Am\u00e9rica del Queso, una competencia que se realiz\u00f3 entre el 11 al 13 de agosto en Cayambe, Ecuador, y en la cual participaron representantes de diversos pa\u00edses del continente.<br>En la categor\u00eda de leches especiales, el primer lugar fue para el Queso Cabrita Malpaso de Caprinos Villaseca, mientras que el segundo lugar, en la misma categor\u00eda, fue para el Queso de Cabra en Aceite de Oliva y Merk\u00e9n de Las Majadas. Le sigui\u00f3 quesos Capri-Fet en Aceite de Nuez, tambi\u00e9n de Caprinos Villaseca, en el tercer puesto.<br>\u201cSabemos que hacemos buenos productos, que tenemos quesos de calidad, leche de calidad, por lo tanto, ten\u00edamos fe de que nos iba a ir bien, pero no que \u00edbamos a ganar, eso era algo que no ten\u00edamos considerado\u201d, expres\u00f3 con alegr\u00eda Yasna Molina, de Caprinos Villaseca.<br>Agreg\u00f3 que ganar el primer y tercer lugar revela el fruto del trabajo de varios a\u00f1os, y el apoyo recibido desde Indap, INIA y particularmente al Programa Transforma Caprino de Corfo.<br>\u201cEst\u00e1n demostrando que los quesos, como tambi\u00e9n la gran diversidad de productos caprinos que son elaborados en la regi\u00f3n, est\u00e1n alcanzando niveles de calidad que les permiten proyectar sus negocios a mercados internacionales\u201d, coment\u00f3 Andr\u00e9s Zurita, director regional de Corfo.<br>Ingrid Haselbauer, gerente del Programa Transforma Caprino, felicit\u00f3 a los equipos de Caprinos Villaseca y Reserva Las Majadas. Esta iniciativa es apoyada por Corfo y financiada por el Gobierno Regional, a trav\u00e9s del Programa de Zonas Rezagadas. Su objetivo es impulsar la cadena de valor del rubro caprino, focalizado en las comunas de Punitaqui, Monte Patria, Combarbal\u00e1, Canela y otras. Para m\u00e1s informaci\u00f3n visita @caprinochile en Instagram.<\/p>\n","protected":false},"excerpt":{"rendered":"<p>El Queso Cabrita Malpaso de Caprinos Villaseca se adjudic\u00f3 el primer y tercer puesto en el certamen, mientras que el Queso de Cabra en Aceite de Oliva y Merk\u00e9n de Las Majadas obtuvo el segundo lugar. Ambas empresas son apoyadas por el Programa Transforma Caprino de Corfo. Dos productoras de la regi\u00f3n de Coquimbo triunfaron [&hellip;]<\/p>\n","protected":false},"author":1,"featured_media":10061,"comment_status":"open","ping_status":"open","sticky":false,"template":"","format":"standard","meta":{"tdm_status":"","tdm_grid_status":"","footnotes":"","_wpscppro_dont_share_socialmedia":false,"_wpscppro_custom_social_share_image":0,"_facebook_share_type":"","_twitter_share_type":"","_linkedin_share_type":"","_pinterest_share_type":"","_linkedin_share_type_page":"","_instagram_share_type":"","_medium_share_type":"","_threads_share_type":"","_google_business_share_type":"","_bluesky_share_type":"","_mastodon_share_type":"","_selected_social_profile":[],"_wpsp_enable_custom_social_template":false,"_wpsp_social_scheduling":{"enabled":false,"datetime":null,"platforms":[],"status":"template_only","dateOption":"today","timeOption":"now","customDays":"","customHours":"","customDate":"","customTime":"","schedulingType":"absolute"},"_wpsp_active_default_template":true},"categories":[1],"tags":[8,7],"class_list":["post-10059","post","type-post","status-publish","format-standard","has-post-thumbnail","hentry","category-uncategorized","tag-marketing","tag-wordpress"],"_links":{"self":[{"href":"https:\/\/www.semanariotiempo.cl\/index.php?rest_route=\/wp\/v2\/posts\/10059","targetHints":{"allow":["GET"]}}],"collection":[{"href":"https:\/\/www.semanariotiempo.cl\/index.php?rest_route=\/wp\/v2\/posts"}],"about":[{"href":"https:\/\/www.semanariotiempo.cl\/index.php?rest_route=\/wp\/v2\/types\/post"}],"author":[{"embeddable":true,"href":"https:\/\/www.semanariotiempo.cl\/index.php?rest_route=\/wp\/v2\/users\/1"}],"replies":[{"embeddable":true,"href":"https:\/\/www.semanariotiempo.cl\/index.php?rest_route=%2Fwp%2Fv2%2Fcomments&post=10059"}],"version-history":[{"count":0,"href":"https:\/\/www.semanariotiempo.cl\/index.php?rest_route=\/wp\/v2\/posts\/10059\/revisions"}],"wp:featuredmedia":[{"embeddable":true,"href":"https:\/\/www.semanariotiempo.cl\/index.php?rest_route=\/wp\/v2\/media\/10061"}],"wp:attachment":[{"href":"https:\/\/www.semanariotiempo.cl\/index.php?rest_route=%2Fwp%2Fv2%2Fmedia&parent=10059"}],"wp:term":[{"taxonomy":"category","embeddable":true,"href":"https:\/\/www.semanariotiempo.cl\/index.php?rest_route=%2Fwp%2Fv2%2Fcategories&post=10059"},{"taxonomy":"post_tag","embeddable":true,"href":"https:\/\/www.semanariotiempo.cl\/index.php?rest_route=%2Fwp%2Fv2%2Ftags&post=10059"}],"curies":[{"name":"wp","href":"https:\/\/api.w.org\/{rel}","templated":true}]}}