{"id":10057,"date":"2023-09-12T19:27:05","date_gmt":"2023-09-12T22:27:05","guid":{"rendered":"https:\/\/www.semanariotiempo.cl\/?p=10057"},"modified":"2023-09-12T19:27:07","modified_gmt":"2023-09-12T22:27:07","slug":"quien-escribe-la-historia","status":"publish","type":"post","link":"https:\/\/www.semanariotiempo.cl\/?p=10057","title":{"rendered":"Qui\u00e9n escribe la historia"},"content":{"rendered":"\n<p class=\"wp-block-paragraph\">Es necesario aprender de la historia. Sin lugar a dudas. Muchos de los problemas actuales en los m\u00e1s diferentes \u00e1mbitos se deben a una completa ignorancia de las experiencias sociales previas, sus contextos y consecuencias. Pero tambi\u00e9n es cierto que desde siempre el gran problema es qui\u00e9n escribe la historia.<br>Hay quienes sostienen que la historia \u201cla escriben los ganadores\u201d. Y durante los \u00faltimos meses se ha desarrollado un constante bombardeo de informaci\u00f3n, sumando elementos a la conmemoraci\u00f3n de los 50 a\u00f1os del Golpe de Estado de 1973 en Chile, que nos busca presentar de vencedores y vencidos. En lo que pareciera una lucha por la preeminencia en una guerra intelectual por sellar la historia nacional con una mirada por sobre otra. Es una competencia sobre qui\u00e9n logra decir la \u00faltima palabra y doblegar al contrincante pol\u00edtico. Sin embargo, se comprueba que el nivel de divisi\u00f3n nacional generado en esa d\u00e9cada es y ha sido tan profundo que el di\u00e1logo de sordos seguir\u00e1 por bastante tiempo m\u00e1s.<br>Hoy resulta paradojal que el gobierno lidere una conmemoraci\u00f3n con una fuerte carga ideol\u00f3gica y a la vez el proceso constituyente est\u00e9 liderado por los republicanos, que en su gran mayor\u00eda defienden la intervenci\u00f3n de los militares y lo que denominan el legado de Pinochet. Definitivamente desde el exterior debe ser muy dif\u00edcil entender lo que sucede en nuestro pa\u00eds.<br>Aunque este 11 de septiembre se intente, es muy probable que no exista un reconocimiento de nada, ni de un lado ni de otro. Es evidente que ser\u00e1 un di\u00e1logo de sordos, respecto al cual un gran porcentaje de ciudadanos se siente distante seg\u00fan lo que indican las encuestas.<br>Quiz\u00e1s de los antecedentes recientes m\u00e1s relevantes que matizan el an\u00e1lisis hist\u00f3rico, es la revelaci\u00f3n de comunicaciones secretas del gobierno de Estados Unidos, en que se conoci\u00f3 la relevancia que ten\u00eda para ese pa\u00eds (en plena guerra fr\u00eda) controlar la situaci\u00f3n pol\u00edtica chilena.<br>Es necesario aprender de la historia. Sin lugar a dudas. Pero en el caso de nuestro pa\u00eds debe existir un profundo respeto, reflexi\u00f3n, para no perdernos en el pasado, sino que proyectar lo que Chile debe ser hoy y en el futuro.<\/p>\n\n\n\n<p class=\"has-background wp-block-paragraph\" style=\"background-color:#ffe2e2\"><strong>V\u00edctor H. Villagr\u00e1n<\/strong><br>Editor Semanario Tiempo<\/p>\n","protected":false},"excerpt":{"rendered":"<p>Es necesario aprender de la historia. Sin lugar a dudas. Muchos de los problemas actuales en los m\u00e1s diferentes \u00e1mbitos se deben a una completa ignorancia de las experiencias sociales previas, sus contextos y consecuencias. Pero tambi\u00e9n es cierto que desde siempre el gran problema es qui\u00e9n escribe la historia.Hay quienes sostienen que la historia [&hellip;]<\/p>\n","protected":false},"author":1,"featured_media":9724,"comment_status":"open","ping_status":"open","sticky":false,"template":"","format":"standard","meta":{"tdm_status":"","tdm_grid_status":"","footnotes":"","_wpscppro_dont_share_socialmedia":false,"_wpscppro_custom_social_share_image":0,"_facebook_share_type":"","_twitter_share_type":"","_linkedin_share_type":"","_pinterest_share_type":"","_linkedin_share_type_page":"","_instagram_share_type":"","_medium_share_type":"","_threads_share_type":"","_google_business_share_type":"","_bluesky_share_type":"","_mastodon_share_type":"","_selected_social_profile":[],"_wpsp_enable_custom_social_template":false,"_wpsp_social_scheduling":{"enabled":false,"datetime":null,"platforms":[],"status":"template_only","dateOption":"today","timeOption":"now","customDays":"","customHours":"","customDate":"","customTime":"","schedulingType":"absolute"},"_wpsp_active_default_template":true},"categories":[],"tags":[25],"class_list":["post-10057","post","type-post","status-publish","format-standard","has-post-thumbnail","hentry","tag-wordpress-themes"],"_links":{"self":[{"href":"https:\/\/www.semanariotiempo.cl\/index.php?rest_route=\/wp\/v2\/posts\/10057","targetHints":{"allow":["GET"]}}],"collection":[{"href":"https:\/\/www.semanariotiempo.cl\/index.php?rest_route=\/wp\/v2\/posts"}],"about":[{"href":"https:\/\/www.semanariotiempo.cl\/index.php?rest_route=\/wp\/v2\/types\/post"}],"author":[{"embeddable":true,"href":"https:\/\/www.semanariotiempo.cl\/index.php?rest_route=\/wp\/v2\/users\/1"}],"replies":[{"embeddable":true,"href":"https:\/\/www.semanariotiempo.cl\/index.php?rest_route=%2Fwp%2Fv2%2Fcomments&post=10057"}],"version-history":[{"count":0,"href":"https:\/\/www.semanariotiempo.cl\/index.php?rest_route=\/wp\/v2\/posts\/10057\/revisions"}],"wp:featuredmedia":[{"embeddable":true,"href":"https:\/\/www.semanariotiempo.cl\/index.php?rest_route=\/wp\/v2\/media\/9724"}],"wp:attachment":[{"href":"https:\/\/www.semanariotiempo.cl\/index.php?rest_route=%2Fwp%2Fv2%2Fmedia&parent=10057"}],"wp:term":[{"taxonomy":"category","embeddable":true,"href":"https:\/\/www.semanariotiempo.cl\/index.php?rest_route=%2Fwp%2Fv2%2Fcategories&post=10057"},{"taxonomy":"post_tag","embeddable":true,"href":"https:\/\/www.semanariotiempo.cl\/index.php?rest_route=%2Fwp%2Fv2%2Ftags&post=10057"}],"curies":[{"name":"wp","href":"https:\/\/api.w.org\/{rel}","templated":true}]}}