{"id":10009,"date":"2023-09-05T13:43:30","date_gmt":"2023-09-05T16:43:30","guid":{"rendered":"https:\/\/www.semanariotiempo.cl\/?p=10009"},"modified":"2023-09-05T13:44:09","modified_gmt":"2023-09-05T16:44:09","slug":"liberan-45-mil-juveniles-de-corvina-en-la-bahia-de-tongoy","status":"publish","type":"post","link":"https:\/\/www.semanariotiempo.cl\/?p=10009","title":{"rendered":"Liberan 45 mil juveniles de corvina en la bah\u00eda de Tongoy"},"content":{"rendered":"\n<h4 class=\"wp-block-heading has-vivid-red-color has-text-color\"><strong>\u00b7 Como un aporte a la recuperaci\u00f3n local de la especie nativa Cilus gilberti y a la sustentabilidad de la pesca artesanal, se liberaron 45 mil juveniles de corvina desde las instalaciones del Centro Acu\u00edcola Tongoy (CAT) en la Regi\u00f3n de Coquimbo.<br>\u00b7 El hito marca la finalizaci\u00f3n del Programa Corvina, que fue ejecutado por Fundaci\u00f3n Chile y apoyado por Corfo desde 2010, en el marco de las iniciativas para la diversificaci\u00f3n acu\u00edcola.<\/strong><\/h4>\n\n\n<div class=\"wp-block-image\">\n<figure class=\"aligncenter size-full\"><img loading=\"lazy\" decoding=\"async\" width=\"960\" height=\"520\" src=\"https:\/\/www.semanariotiempo.cl\/wp-content\/uploads\/2023\/09\/corvina-tongoy-4196.jpg\" alt=\"\" class=\"wp-image-10010\" srcset=\"https:\/\/www.semanariotiempo.cl\/wp-content\/uploads\/2023\/09\/corvina-tongoy-4196.jpg 960w, https:\/\/www.semanariotiempo.cl\/wp-content\/uploads\/2023\/09\/corvina-tongoy-4196-300x163.jpg 300w, https:\/\/www.semanariotiempo.cl\/wp-content\/uploads\/2023\/09\/corvina-tongoy-4196-768x416.jpg 768w, https:\/\/www.semanariotiempo.cl\/wp-content\/uploads\/2023\/09\/corvina-tongoy-4196-696x377.jpg 696w, https:\/\/www.semanariotiempo.cl\/wp-content\/uploads\/2023\/09\/corvina-tongoy-4196-775x420.jpg 775w\" sizes=\"auto, (max-width: 960px) 100vw, 960px\" \/><\/figure>\n<\/div>\n\n<div class=\"wp-block-image\">\n<figure class=\"aligncenter size-full\"><img loading=\"lazy\" decoding=\"async\" width=\"960\" height=\"540\" src=\"https:\/\/www.semanariotiempo.cl\/wp-content\/uploads\/2023\/09\/corvina-tongoy-4195.jpg\" alt=\"\" class=\"wp-image-10011\" srcset=\"https:\/\/www.semanariotiempo.cl\/wp-content\/uploads\/2023\/09\/corvina-tongoy-4195.jpg 960w, https:\/\/www.semanariotiempo.cl\/wp-content\/uploads\/2023\/09\/corvina-tongoy-4195-300x169.jpg 300w, https:\/\/www.semanariotiempo.cl\/wp-content\/uploads\/2023\/09\/corvina-tongoy-4195-768x432.jpg 768w, https:\/\/www.semanariotiempo.cl\/wp-content\/uploads\/2023\/09\/corvina-tongoy-4195-696x392.jpg 696w, https:\/\/www.semanariotiempo.cl\/wp-content\/uploads\/2023\/09\/corvina-tongoy-4195-747x420.jpg 747w\" sizes=\"auto, (max-width: 960px) 100vw, 960px\" \/><\/figure>\n<\/div>\n\n\n<p class=\"wp-block-paragraph\">Con la presencia de autoridades regionales de Corfo, Core Coquimbo, Subpesca y Sernapesca, se llev\u00f3 a cabo el acto de inicio de la liberaci\u00f3n de 45 mil ejemplares de corvina desde las instalaciones del Centro Acu\u00edcola Tongoy (CAT) en la Regi\u00f3n de Coquimbo. La actividad tiene fines de repoblamiento de la especie nativa y se realiz\u00f3 en el marco de la finalizaci\u00f3n del Programa Corvina, iniciativa para la diversificaci\u00f3n acu\u00edcola apoyada por Corfo y ejecutada por Fundaci\u00f3n Chile.<br>El continuo descenso del desembarque de corvina y el inter\u00e9s por recuperar los ecosistemas marinos, impulsaron esta acci\u00f3n de repoblamiento, cuya contribuci\u00f3n a la pesca ser\u00e1 monitoreada en 2024 a trav\u00e9s de marcadores gen\u00e9ticos de la especie.<br>De acuerdo con John Barraza, director del Programa Corvina, \u201cpa\u00edses con alto consumo de pescado, como es el caso de Jap\u00f3n, han probado la efectividad de los programas de repoblamiento con ejemplares de cultivo para la recuperaci\u00f3n de las pesquer\u00edas afectadas por la sobre extracci\u00f3n. Por eso esperamos que esta liberaci\u00f3n contribuya a una mayor presencia de corvina en estas costas, una incidencia que mediremos en un a\u00f1o m\u00e1s\u201d.<br>Sebasti\u00e1n Acevedo, gerente de Negocios y Finanzas de Fundaci\u00f3n Chile, enfatiz\u00f3 que \u201ceste evento marca el cierre de un ciclo exitoso de desarrollo tecnol\u00f3gico de m\u00e1s de una d\u00e9cada, a trav\u00e9s del Programa Corvina, tras el cual es posible incorporar una nueva especie y la capacidad productiva para generar desarrollo econ\u00f3mico para el pa\u00eds\u201d.<br>El ejecutivo explic\u00f3 que se trata de una iniciativa que supera el inter\u00e9s econ\u00f3mico, considerando que la corvina \u201ces una especie nativa, con identidad local, reconocida en la tradici\u00f3n culinaria de esta parte del mundo y con un alto valor nutricional\u201d.<br>En tanto, Andr\u00e9s Zurita, director regional de Corfo, valor\u00f3 \u201cel largo camino recorrido en conjunto con Fundaci\u00f3n Chile para llegar al desarrollo de esta tecnolog\u00eda de cultivo\u201d. Sostuvo que, en Chile, \u201csomos reconocidos como uno de los l\u00edderes mundiales en acuicultura, pero eso est\u00e1 basado en especies ex\u00f3ticas, como el salm\u00f3n; por lo tanto, esta es una real oportunidad de entregar conocimiento de especies end\u00e9micas, generar estos paquetes tecnol\u00f3gicos y ponerlos en pr\u00e1ctica para beneficio de las comunidades de pesca y tambi\u00e9n de la econom\u00eda\u201d.<\/p>\n\n\n\n<p class=\"wp-block-paragraph\"><strong>Del cultivo al mar<\/strong><br>Antes de ser liberados, los ejemplares de corvina pasaron de los sistemas de recirculaci\u00f3n (RAS) a estanques con flujo abierto al mar, lo que les permiti\u00f3 ir aclimat\u00e1ndose progresivamente al cambio de ambiente antes de ser liberados a trav\u00e9s de una tuber\u00eda que conect\u00f3 las instalaciones del CAT con la bah\u00eda de Tongoy.<br>Los invitados a la ceremonia de liberaci\u00f3n pudieron observar el proceso en los estanques y luego, sobre embarcaciones frente al CAT, participar del acto simb\u00f3lico de lanzar un centenar de ejemplares al mar.<br>Seg\u00fan Tatiana Castillo, presidenta de la Comisi\u00f3n Fomento Productivo, Ciencia-Tecnolog\u00eda e Innovaci\u00f3n del Consejo Regional, \u201ceste programa est\u00e1 haciendo un aporte generoso para la regi\u00f3n. Vemos que, despu\u00e9s de a\u00f1os de desarrollo, llega a este objetivo final de tener una tecnolog\u00eda que permite producir esta cantidad de ejemplares de corvina y contribuir a repoblar las costas de la Regi\u00f3n de Coquimbo\u201d. Agreg\u00f3 que \u201ccon esta liberaci\u00f3n, va a generarse un beneficio para nuestros pescadores y para el consumo de un producto de la zona\u201d.<br>La directora regional del Servicio Nacional de Pesca y Acuicultura (Sernapesca), Cecilia Sol\u00eds, puso el acento en el sello regional de la corvina y en la importancia de \u201cfomentar la identidad con las especies locales. En nuestra zona, siempre est\u00e1n llegando pescados de Lebu y m\u00e1s al sur, por lo que creo que es muy positivo potenciar este tipo de actividades con una especie que es nativa de esta zona, como es la corvina. Es bueno tanto para nuestros consumidores, como para los pescadores artesanales\u201d.<br>Desde la Subsecretar\u00eda de Pesca y Acuicultura (Subpesca), el director zonal Javier Ch\u00e1vez, coment\u00f3 que \u201cm\u00e1s all\u00e1 de la liberaci\u00f3n propiamente tal, ac\u00e1 hay un desarrollo tecnol\u00f3gico que permite que finalmente se realicen acciones como \u00e9sta, con un impacto positivo en el medio marino. Por eso, es relevante para nosotros haber participado de este hito y estar dialogando con los actores de la pesca y la acuicultura\u201d.<\/p>\n\n\n\n<p class=\"wp-block-paragraph\"><strong>Sobre el Programa Corvina<\/strong><br>El Programa Corvina se inici\u00f3 el 2010, en el marco de las iniciativas para la diversificaci\u00f3n de la acuicultura nacional, actividad concentrada en salm\u00f3nidos y mejillones (choritos).<br>La corvina (Cilus gilberti) es una especie nativa, que extiende su presencia desde el norte de Per\u00fa hasta la zona de la isla de Chilo\u00e9 por el sur. Es altamente demandada por sus atributos nutricionales y gastron\u00f3micos.<br>Cabe destacar la participaci\u00f3n en el Programa Corvina de ADL Diagnostic Chile, del Instituto del Mar Carlos Condell, y las empresas asociadas, Pesquera Friosur, Vitapro Chile y Luxmeter, entre otras. Ello, adem\u00e1s del rol que cumpli\u00f3 la Universidad Arturo Prat en el desarrollo del subprograma de cultivo en balsas jaula, junto a otras instituciones acad\u00e9micas que colaboraron en la iniciativa.<\/p>\n","protected":false},"excerpt":{"rendered":"<p>\u00b7 Como un aporte a la recuperaci\u00f3n local de la especie nativa Cilus gilberti y a la sustentabilidad de la pesca artesanal, se liberaron 45 mil juveniles de corvina desde las instalaciones del Centro Acu\u00edcola Tongoy (CAT) en la Regi\u00f3n de Coquimbo.\u00b7 El hito marca la finalizaci\u00f3n del Programa Corvina, que fue ejecutado por Fundaci\u00f3n [&hellip;]<\/p>\n","protected":false},"author":1,"featured_media":10010,"comment_status":"open","ping_status":"open","sticky":false,"template":"","format":"standard","meta":{"tdm_status":"","tdm_grid_status":"","footnotes":"","_wpscppro_dont_share_socialmedia":false,"_wpscppro_custom_social_share_image":0,"_facebook_share_type":"","_twitter_share_type":"","_linkedin_share_type":"","_pinterest_share_type":"","_linkedin_share_type_page":"","_instagram_share_type":"","_medium_share_type":"","_threads_share_type":"","_google_business_share_type":"","_bluesky_share_type":"","_mastodon_share_type":"","_selected_social_profile":[],"_wpsp_enable_custom_social_template":false,"_wpsp_social_scheduling":{"enabled":false,"datetime":null,"platforms":[],"status":"template_only","dateOption":"today","timeOption":"now","customDays":"","customHours":"","customDate":"","customTime":"","schedulingType":"absolute"},"_wpsp_active_default_template":true},"categories":[1],"tags":[8,6],"class_list":["post-10009","post","type-post","status-publish","format-standard","has-post-thumbnail","hentry","category-uncategorized","tag-marketing","tag-redesign"],"_links":{"self":[{"href":"https:\/\/www.semanariotiempo.cl\/index.php?rest_route=\/wp\/v2\/posts\/10009","targetHints":{"allow":["GET"]}}],"collection":[{"href":"https:\/\/www.semanariotiempo.cl\/index.php?rest_route=\/wp\/v2\/posts"}],"about":[{"href":"https:\/\/www.semanariotiempo.cl\/index.php?rest_route=\/wp\/v2\/types\/post"}],"author":[{"embeddable":true,"href":"https:\/\/www.semanariotiempo.cl\/index.php?rest_route=\/wp\/v2\/users\/1"}],"replies":[{"embeddable":true,"href":"https:\/\/www.semanariotiempo.cl\/index.php?rest_route=%2Fwp%2Fv2%2Fcomments&post=10009"}],"version-history":[{"count":0,"href":"https:\/\/www.semanariotiempo.cl\/index.php?rest_route=\/wp\/v2\/posts\/10009\/revisions"}],"wp:featuredmedia":[{"embeddable":true,"href":"https:\/\/www.semanariotiempo.cl\/index.php?rest_route=\/wp\/v2\/media\/10010"}],"wp:attachment":[{"href":"https:\/\/www.semanariotiempo.cl\/index.php?rest_route=%2Fwp%2Fv2%2Fmedia&parent=10009"}],"wp:term":[{"taxonomy":"category","embeddable":true,"href":"https:\/\/www.semanariotiempo.cl\/index.php?rest_route=%2Fwp%2Fv2%2Fcategories&post=10009"},{"taxonomy":"post_tag","embeddable":true,"href":"https:\/\/www.semanariotiempo.cl\/index.php?rest_route=%2Fwp%2Fv2%2Ftags&post=10009"}],"curies":[{"name":"wp","href":"https:\/\/api.w.org\/{rel}","templated":true}]}}