{"id":10003,"date":"2023-09-05T13:27:50","date_gmt":"2023-09-05T16:27:50","guid":{"rendered":"https:\/\/www.semanariotiempo.cl\/?p=10003"},"modified":"2023-09-05T13:27:53","modified_gmt":"2023-09-05T16:27:53","slug":"industriales-de-coquimbo-en-noviembre-realizaran-expo-asoinco","status":"publish","type":"post","link":"https:\/\/www.semanariotiempo.cl\/?p=10003","title":{"rendered":"Industriales de Coquimbo: En noviembre realizar\u00e1n \u201cExpo Asoinco\u201d"},"content":{"rendered":"\n<h4 class=\"wp-block-heading has-vivid-red-color has-text-color\"><strong>Entre el martes 7 y el jueves 9 de noviembre, m\u00e1s de 100 empresas regionales se dar\u00e1n cita en el Barrio Industrial de Coquimbo para mostrar su oferta, generar potenciales nuevos negocios y compartir experiencias.<\/strong><\/h4>\n\n\n<div class=\"wp-block-image\">\n<figure class=\"aligncenter size-full\"><img loading=\"lazy\" decoding=\"async\" width=\"960\" height=\"532\" src=\"https:\/\/www.semanariotiempo.cl\/wp-content\/uploads\/2023\/09\/ExpoAsoinco-3.jpg\" alt=\"\" class=\"wp-image-10004\" srcset=\"https:\/\/www.semanariotiempo.cl\/wp-content\/uploads\/2023\/09\/ExpoAsoinco-3.jpg 960w, https:\/\/www.semanariotiempo.cl\/wp-content\/uploads\/2023\/09\/ExpoAsoinco-3-300x166.jpg 300w, https:\/\/www.semanariotiempo.cl\/wp-content\/uploads\/2023\/09\/ExpoAsoinco-3-768x426.jpg 768w, https:\/\/www.semanariotiempo.cl\/wp-content\/uploads\/2023\/09\/ExpoAsoinco-3-696x385.jpg 696w, https:\/\/www.semanariotiempo.cl\/wp-content\/uploads\/2023\/09\/ExpoAsoinco-3-758x420.jpg 758w\" sizes=\"auto, (max-width: 960px) 100vw, 960px\" \/><\/figure>\n<\/div>\n\n\n<p class=\"wp-block-paragraph\">Como una prueba del compromiso de las Pymes y la industria por aportar a la reactivaci\u00f3n econ\u00f3mica, la Asociaci\u00f3n Gremial de Industriales de Coquimbo (Asoinco AG) organiza el Encuentro Multisectorial de las Pymes de la Regi\u00f3n de Coquimbo, Expo Asoinco 2023, evento que busca reunir a empresas del sector industrial y servicios, mostrar su oferta y dar pie a nuevos negocios.<br>La Expo se realizar\u00e1 el martes 7, mi\u00e9rcoles 8 y jueves 9 de noviembre, en la explanada del bandej\u00f3n de acceso al Barrio Industrial de Coquimbo y congregar\u00e1 a empresas regionales de servicios a la miner\u00eda, construcci\u00f3n, pesca, industria y otros rubros. La actividad ser\u00e1 un espacio para la promoci\u00f3n de los negocios regionales y, adem\u00e1s, un encuentro para compartir informaci\u00f3n y conocimiento gracias al apoyo de la academia.<br>La feria contar\u00e1 con 100 stands techados para empresas, 24 stands descubiertos para la exhibici\u00f3n de maquinaria, un espacio de reuniones y presentaciones, adem\u00e1s de otros servicios para sus visitantes, como food court y estacionamientos.<br>Arturo Castillo, presidente de Asoinco, explica que \u201cesta feria busca que las Pymes, medianas y grandes empresas tengan alianzas de trabajo y productividad y fomentar la econom\u00eda regional. Esta feria tiene cabida para todos los sectores, desde artesanos hasta la construcci\u00f3n, miner\u00eda, agricultura y pesca\u201d.<br>P\u00eda Castillo, Seremi de Econom\u00eda, Fomento y Turismo, plantea que \u201clas MiPymes y la industria son actores esenciales para la reactivaci\u00f3n econ\u00f3mica. En momentos en que estamos impulsando el crecimiento y la diversificaci\u00f3n productiva, instancias como la Expo Asoinco son fundamentales para vincular proveedores y empresas regionales con los potenciales clientes y generar nuevos negocios que dinamicen la econom\u00eda\u201d.<br>La Expo Asoinco 2023 est\u00e1 abierta a la inscripci\u00f3n de todo tipo de MiPymes y empresas locales y busca seguir consolid\u00e1ndose como un espacio para la promoci\u00f3n del emprendimiento de la Regi\u00f3n de Coquimbo, en el que se genere un di\u00e1logo transversal en torno a las oportunidades de negocios en el norte del pa\u00eds.<\/p>\n","protected":false},"excerpt":{"rendered":"<p>Entre el martes 7 y el jueves 9 de noviembre, m\u00e1s de 100 empresas regionales se dar\u00e1n cita en el Barrio Industrial de Coquimbo para mostrar su oferta, generar potenciales nuevos negocios y compartir experiencias. Como una prueba del compromiso de las Pymes y la industria por aportar a la reactivaci\u00f3n econ\u00f3mica, la Asociaci\u00f3n Gremial [&hellip;]<\/p>\n","protected":false},"author":1,"featured_media":10004,"comment_status":"open","ping_status":"open","sticky":false,"template":"","format":"standard","meta":{"tdm_status":"","tdm_grid_status":"","footnotes":"","_wpscppro_dont_share_socialmedia":false,"_wpscppro_custom_social_share_image":0,"_facebook_share_type":"","_twitter_share_type":"","_linkedin_share_type":"","_pinterest_share_type":"","_linkedin_share_type_page":"","_instagram_share_type":"","_medium_share_type":"","_threads_share_type":"","_google_business_share_type":"","_bluesky_share_type":"","_mastodon_share_type":"","_selected_social_profile":[],"_wpsp_enable_custom_social_template":false,"_wpsp_social_scheduling":{"enabled":false,"datetime":null,"platforms":[],"status":"template_only","dateOption":"today","timeOption":"now","customDays":"","customHours":"","customDate":"","customTime":"","schedulingType":"absolute"},"_wpsp_active_default_template":true},"categories":[1],"tags":[21,8,28],"class_list":["post-10003","post","type-post","status-publish","format-standard","has-post-thumbnail","hentry","category-uncategorized","tag-ipad","tag-marketing","tag-site-tips"],"_links":{"self":[{"href":"https:\/\/www.semanariotiempo.cl\/index.php?rest_route=\/wp\/v2\/posts\/10003","targetHints":{"allow":["GET"]}}],"collection":[{"href":"https:\/\/www.semanariotiempo.cl\/index.php?rest_route=\/wp\/v2\/posts"}],"about":[{"href":"https:\/\/www.semanariotiempo.cl\/index.php?rest_route=\/wp\/v2\/types\/post"}],"author":[{"embeddable":true,"href":"https:\/\/www.semanariotiempo.cl\/index.php?rest_route=\/wp\/v2\/users\/1"}],"replies":[{"embeddable":true,"href":"https:\/\/www.semanariotiempo.cl\/index.php?rest_route=%2Fwp%2Fv2%2Fcomments&post=10003"}],"version-history":[{"count":0,"href":"https:\/\/www.semanariotiempo.cl\/index.php?rest_route=\/wp\/v2\/posts\/10003\/revisions"}],"wp:featuredmedia":[{"embeddable":true,"href":"https:\/\/www.semanariotiempo.cl\/index.php?rest_route=\/wp\/v2\/media\/10004"}],"wp:attachment":[{"href":"https:\/\/www.semanariotiempo.cl\/index.php?rest_route=%2Fwp%2Fv2%2Fmedia&parent=10003"}],"wp:term":[{"taxonomy":"category","embeddable":true,"href":"https:\/\/www.semanariotiempo.cl\/index.php?rest_route=%2Fwp%2Fv2%2Fcategories&post=10003"},{"taxonomy":"post_tag","embeddable":true,"href":"https:\/\/www.semanariotiempo.cl\/index.php?rest_route=%2Fwp%2Fv2%2Ftags&post=10003"}],"curies":[{"name":"wp","href":"https:\/\/api.w.org\/{rel}","templated":true}]}}