{"id":10000,"date":"2023-09-01T20:41:28","date_gmt":"2023-09-02T00:41:28","guid":{"rendered":"https:\/\/www.semanariotiempo.cl\/?p=10000"},"modified":"2023-09-01T20:41:31","modified_gmt":"2023-09-02T00:41:31","slug":"grupo-rafaga-celebra-fiestas-patrias-con-un-gran-show-en-coquimbo","status":"publish","type":"post","link":"https:\/\/www.semanariotiempo.cl\/?p=10000","title":{"rendered":"Grupo R\u00e1faga celebra Fiestas Patrias con un gran show en Coquimbo"},"content":{"rendered":"<div class=\"wp-block-image\">\n<figure class=\"aligncenter size-full\"><img loading=\"lazy\" decoding=\"async\" width=\"960\" height=\"674\" src=\"https:\/\/www.semanariotiempo.cl\/wp-content\/uploads\/2023\/09\/Rafaga-1.jpg\" alt=\"\" class=\"wp-image-10001\" srcset=\"https:\/\/www.semanariotiempo.cl\/wp-content\/uploads\/2023\/09\/Rafaga-1.jpg 960w, https:\/\/www.semanariotiempo.cl\/wp-content\/uploads\/2023\/09\/Rafaga-1-300x211.jpg 300w, https:\/\/www.semanariotiempo.cl\/wp-content\/uploads\/2023\/09\/Rafaga-1-768x539.jpg 768w, https:\/\/www.semanariotiempo.cl\/wp-content\/uploads\/2023\/09\/Rafaga-1-696x489.jpg 696w, https:\/\/www.semanariotiempo.cl\/wp-content\/uploads\/2023\/09\/Rafaga-1-598x420.jpg 598w, https:\/\/www.semanariotiempo.cl\/wp-content\/uploads\/2023\/09\/Rafaga-1-100x70.jpg 100w\" sizes=\"auto, (max-width: 960px) 100vw, 960px\" \/><\/figure>\n<\/div>\n\n\n<p class=\"wp-block-paragraph\">R\u00e1faga dar\u00e1 inicio a las Fiestas Patrias en la Regi\u00f3n de Coquimbo con un gran show que se realizar\u00e1 a partir de las 21.00 horas, del viernes 15 de septiembre, en el sal\u00f3n Ballroom del Casino Enjoy.<br>Tras su exitosa gira por los Estados Unidos y Europa, la agrupaci\u00f3n musical invita a los habitantes de la Regi\u00f3n de Coquimbo (y turistas de paso por la zona) a disfrutar, corear y bailar con sus grandes \u00e9xitos: \u201cMentirosa\u201d, \u201cUna Cerveza\u201d, \u201cR\u00e1gafa de Amor\u201d, \u201cMaldito Coraz\u00f3n\u201d, y tantos otros cl\u00e1sicos de la cumbia.<br>R\u00e1gafa es la principal banda de la movida tropical, que salt\u00f3 a la popularidad en 1996 con su primer disco \u201cSoplando Fuerte\u201d, y que hoy suma una decena de trabajos discogr\u00e1ficos y giras por todo Latinoam\u00e9rica y el mundo.<br>En Chile, su inconfundible ritmo ha animado cuanta fiesta de matrimonio, cumplea\u00f1os y celebraci\u00f3n exista. Adem\u00e1s, el grupo se ha presentado en diversos escenarios. El m\u00e1s importante: el Festival Internacional de la Canci\u00f3n de Vi\u00f1a del Mar, en el 2000. En tanto, en el a\u00f1o 2018, estuvieron en La Pampilla, de Coquimbo.<br>Las entradas para el show del 15 de septiembre en Enjoy Coquimbo se pueden adquirir a trav\u00e9s del sistema ticketplus, en https:\/\/ticketplus.cl\/events\/rafaga-en-concierto<\/p>\n","protected":false},"excerpt":{"rendered":"<p>R\u00e1faga dar\u00e1 inicio a las Fiestas Patrias en la Regi\u00f3n de Coquimbo con un gran show que se realizar\u00e1 a partir de las 21.00 horas, del viernes 15 de septiembre, en el sal\u00f3n Ballroom del Casino Enjoy.Tras su exitosa gira por los Estados Unidos y Europa, la agrupaci\u00f3n musical invita a los habitantes de la [&hellip;]<\/p>\n","protected":false},"author":1,"featured_media":10001,"comment_status":"open","ping_status":"open","sticky":false,"template":"","format":"standard","meta":{"tdm_status":"","tdm_grid_status":"","footnotes":"","_wpscppro_dont_share_socialmedia":false,"_wpscppro_custom_social_share_image":0,"_facebook_share_type":"","_twitter_share_type":"","_linkedin_share_type":"","_pinterest_share_type":"","_linkedin_share_type_page":"","_instagram_share_type":"","_medium_share_type":"","_threads_share_type":"","_google_business_share_type":"","_bluesky_share_type":"","_mastodon_share_type":"","_selected_social_profile":[],"_wpsp_enable_custom_social_template":false,"_wpsp_social_scheduling":{"enabled":false,"datetime":null,"platforms":[],"status":"template_only","dateOption":"today","timeOption":"now","customDays":"","customHours":"","customDate":"","customTime":"","schedulingType":"absolute"},"_wpsp_active_default_template":true},"categories":[1],"tags":[28],"class_list":["post-10000","post","type-post","status-publish","format-standard","has-post-thumbnail","hentry","category-uncategorized","tag-site-tips"],"_links":{"self":[{"href":"https:\/\/www.semanariotiempo.cl\/index.php?rest_route=\/wp\/v2\/posts\/10000","targetHints":{"allow":["GET"]}}],"collection":[{"href":"https:\/\/www.semanariotiempo.cl\/index.php?rest_route=\/wp\/v2\/posts"}],"about":[{"href":"https:\/\/www.semanariotiempo.cl\/index.php?rest_route=\/wp\/v2\/types\/post"}],"author":[{"embeddable":true,"href":"https:\/\/www.semanariotiempo.cl\/index.php?rest_route=\/wp\/v2\/users\/1"}],"replies":[{"embeddable":true,"href":"https:\/\/www.semanariotiempo.cl\/index.php?rest_route=%2Fwp%2Fv2%2Fcomments&post=10000"}],"version-history":[{"count":0,"href":"https:\/\/www.semanariotiempo.cl\/index.php?rest_route=\/wp\/v2\/posts\/10000\/revisions"}],"wp:featuredmedia":[{"embeddable":true,"href":"https:\/\/www.semanariotiempo.cl\/index.php?rest_route=\/wp\/v2\/media\/10001"}],"wp:attachment":[{"href":"https:\/\/www.semanariotiempo.cl\/index.php?rest_route=%2Fwp%2Fv2%2Fmedia&parent=10000"}],"wp:term":[{"taxonomy":"category","embeddable":true,"href":"https:\/\/www.semanariotiempo.cl\/index.php?rest_route=%2Fwp%2Fv2%2Fcategories&post=10000"},{"taxonomy":"post_tag","embeddable":true,"href":"https:\/\/www.semanariotiempo.cl\/index.php?rest_route=%2Fwp%2Fv2%2Ftags&post=10000"}],"curies":[{"name":"wp","href":"https:\/\/api.w.org\/{rel}","templated":true}]}}